{"id":594,"date":"2017-03-09T16:41:29","date_gmt":"2017-03-09T19:41:29","guid":{"rendered":"https:\/\/homol.arleideincentivoaoesporte.com.br\/2017\/03\/09\/edital-basf-brasil\/"},"modified":"2017-03-09T16:41:29","modified_gmt":"2017-03-09T19:41:29","slug":"edital-basf-brasil","status":"publish","type":"post","link":"https:\/\/arleideincentivoaoesporte.com.br\/clone2\/edital-basf-brasil\/","title":{"rendered":"Edital BASF Brasil"},"content":{"rendered":"<p>A empresa BASF est\u00e1 com edital para projetos incentivados na \u00e1rea de esporte e cultura. Inscri\u00e7\u00e3o at\u00e9 dia 13\/03\/2017. Abaixo o conte\u00fado do edital.<\/p>\n<p>&nbsp;<\/p>\n<p>&nbsp;<\/p>\n<p>&nbsp;<\/p>\n<p style=\"text-align: center;\"><strong>BASF &#8211; EDITAL DE SELE\u00c7\u00c3O DE PROJETOS CULTURAIS E ESPORTIVOS COM USO DE<\/strong><\/p>\n<p style=\"text-align: center;\"><strong>LEIS DE INCENTIVOS FISCAIS ESTADUAIS PARA 2017<\/strong><\/p>\n<p style=\"text-align: center;\">Abrang\u00eancia: Estados de S\u00e3o Paulo (munic\u00edpios de Guaratinguet\u00e1, Indaiatuba, Jacare\u00ed, Paul\u00ednia, Santo Ant\u00f4nio de Posse, S\u00e3o Bernardo do Campo e S\u00e3o Paulo), Minas Gerais e Rio Grande do Sul.<\/p>\n<p>&nbsp;<\/p>\n<p>&nbsp;<\/p>\n<p>Na BASF, n\u00f3s transformamos a qu\u00edmica para um futuro sustent\u00e1vel. Como empresa qu\u00edmica l\u00edder em inova\u00e7\u00e3o, combinamos sucesso econ\u00f4mico com prote\u00e7\u00e3o ambiental e responsabilidade social.<\/p>\n<p>Os aproximadamente 112 mil colaboradores do Grupo BASF se empenham para contribuir para o sucesso de nossos clientes em seus setores de atua\u00e7\u00e3o, em quase todos os pa\u00edses do mundo.<\/p>\n<p>Nosso portf\u00f3lio \u00e9 composto por cinco segmentos: Produtos Qu\u00edmicos, Produtos de Performance, Materiais &amp; Solu\u00e7\u00f5es Funcionais, Solu\u00e7\u00f5es para Agricultura e \u00d3leo &amp; G\u00e1s.<\/p>\n<p>A BASF completou 150 anos de exist\u00eancia no mundo e 106 no Brasil, onde possui hoje nove f\u00e1bricas e um centro global de pesquisas, al\u00e9m da sua sede na Am\u00e9rica do Sul. Os produtos e solu\u00e7\u00f5es fornecidos pela BASF incluem dispers\u00f5es e pigmentos; qu\u00edmicos para papel, de performance e para constru\u00e7\u00e3o; catalisadores, mon\u00f4meros, intermedi\u00e1rios e petroqu\u00edmicos, tintas automotivas e decorativas, incluindo as marcas Glasurit e Suvinil, entre outros.<\/p>\n<p>Queremos contribuir para proporcionar um futuro vi\u00e1vel para o mundo, com melhor qualidade de vida para todos. Fazemos isso transformando a qu\u00edmica para nossos clientes e para a sociedade, e fazendo o melhor uso dos recursos dispon\u00edveis. Vivemos nosso prop\u00f3sito:<\/p>\n<p>\u2013 Obtendo insumos e produzindo com responsabilidade<\/p>\n<p>\u2013 Atuando como um parceiro justo e confi\u00e1vel<\/p>\n<p>\u2013 Conectando mentes criativas para encontrar as melhores solu\u00e7\u00f5es para as necessidades do mercado<\/p>\n<p>Para n\u00f3s, isso \u00e9 o que faz um neg\u00f3cio bem-sucedido.<\/p>\n<p>Em alinhamento com sua estrat\u00e9gia de engajamento social, a empresa abre um novo Edital para a sele\u00e7\u00e3o de projetos culturais e esportivos com uso de leis de incentivo estaduais 2017.<\/p>\n<p>A BASF convida pessoas f\u00edsicas e organiza\u00e7\u00f5es da sociedade civil com projetos inscritos e aprovados nas leis de incentivo nos Estados de S\u00e3o Paulo (Cultura e Esporte), Minas Gerais<\/p>\n<p>(somente Lei de Incentivo ao Esporte) e Rio Grande do Sul (somente Lei de Incentivo \u00e0 Cultura)<\/p>\n<p>para participar do processo de sele\u00e7\u00e3o. A inscri\u00e7\u00e3o \u00e9 gratuita e ser\u00e1 realizada no per\u00edodo de 13 de fevereiro, as 9h00, at\u00e9 13 de mar\u00e7o de 2017, as 17h00.<\/p>\n<p>N\u00e3o h\u00e1 limite de valor para os projetos inscritos, desde que os mesmos sejam aprovados nas leis de incentivo dos estados de S\u00e3o Paulo, Minas Gerais e Rio Grande do Sul.<\/p>\n<p>A BASF somente destinar\u00e1 recursos para os projetos selecionados se houver disponibilidade de recursos nas respectivas leis de incentivo estaduais.<\/p>\n<ol>\n<li>OBJETIVOS GERAIS<\/li>\n<\/ol>\n<p>1.1 O presente Edital tem como objetivo selecionar projetos que contribuam para:<\/p>\n<ol>\n<li>i) Empregabilidade &#8211; projetos que ampliem a empregabilidade dos cidad\u00e3os, por exemplo, por meio de oficinas, cursos, capacita\u00e7\u00e3o para elabora\u00e7\u00e3o de projetos, orienta\u00e7\u00f5es para o mercado de trabalho cultural e esportivo, para aprendizados que podem impactar e proporcionar oportunidades. Na \u00e1rea esportiva, a prepara\u00e7\u00e3o de alunos para a profissionaliza\u00e7\u00e3o, por exemplo.<\/li>\n<li>ii) Educa\u00e7\u00e3o Cient\u00edfica e Ambiental \u2013 apoio a educa\u00e7\u00e3o cient\u00edfica, tecnol\u00f3gica, em engenharia e matem\u00e1tica (STEM), por exemplo, por meio de atividades l\u00fadicas que contribuam para o aprendizado e interesse tais como oficinas, exposi\u00e7\u00f5es, apresenta\u00e7\u00f5es teatrais, musicais e de dan\u00e7a sobre os dois temas<\/li>\n<\/ol>\n<p>iii) Prote\u00e7\u00e3o de recursos naturais e biodiversidade, por exemplo como a realiza\u00e7\u00e3o de exposi\u00e7\u00f5es e mostras elaboradas com uso de materiais recicl\u00e1veis ou encontrados na natureza (sementes, folhas etc), livros, filmes e outras manifesta\u00e7\u00f5es culturais que contribuam para a conscientiza\u00e7\u00e3o ambiental e a valoriza\u00e7\u00e3o da biodiversidade Na \u00e1rea esportiva um bom exemplo seria a realiza\u00e7\u00e3o de corridas e atividades esportivas em \u00e1reas de prote\u00e7\u00e3o ambiental, incorporando a valoriza\u00e7\u00e3o destes aspectos na proposta.<\/p>\n<p>2 CRIT\u00c9RIOS DE PARTICIPA\u00c7\u00c3O<\/p>\n<p>2.1 Poder\u00e3o concorrer deste Edital pessoas f\u00edsicas e jur\u00eddicas de direito privado legalmente constitu\u00eddas, sem fins lucrativos, tais como associa\u00e7\u00f5es, funda\u00e7\u00f5es, cooperativas, organiza\u00e7\u00f5es sociais, conselhos profissionais, e etc.<\/p>\n<p>2.2 Os projetos inscritos dever\u00e3o ser implementados no Estado de S\u00e3o Paulo (nos munic\u00edpios de Guaratinguet\u00e1, Indaiatuba, Jacare\u00ed, Paul\u00ednia, Santo Ant\u00f4nio de Posse, S\u00e3o Paulo, S\u00e3o Bernardo do Campo), Minas Gerais (somente projetos esportivos) e Rio Grande do Sul.<\/p>\n<p>2.3 Em vista do objetivo do Edital, n\u00e3o ser\u00e3o aceitas inscri\u00e7\u00f5es de iniciativas com as seguintes caracter\u00edsticas:<\/p>\n<ol>\n<li>a) de pessoas jur\u00eddicas de direito p\u00fablico interno (a Uni\u00e3o, os Estados, o Distrito Federal e os Territ\u00f3rios, os Munic\u00edpios, as autarquias e as demais entidades de car\u00e1ter p\u00fablico criadas por lei);<\/li>\n<li>b) de empreendedor individual;<\/li>\n<li>c) de empresas subsidi\u00e1rias das pessoas jur\u00eddicas de direito p\u00fablico;<\/li>\n<li>d) que caracterizem preconceito de ra\u00e7a, cor, orienta\u00e7\u00e3o sexual, classe social ou credo;<\/li>\n<li>e) que demandem trabalho infantil ou de adolescente, ou que contrariem a legisla\u00e7\u00e3o em vigor;<\/li>\n<li>f) que incentivem qualquer forma de viol\u00eancia;<\/li>\n<li>g) de cunho religioso-doutrin\u00e1rio;<\/li>\n<li>h) de car\u00e1ter pol\u00edtico-partid\u00e1rio.<\/li>\n<li>l) que tenha nos seus quadros associativos ou na diretoria funcion\u00e1rios da BASF.<\/li>\n<\/ol>\n<p>3 DA INSCRI\u00c7\u00c3O<\/p>\n<p>3.1. Ao realizar a inscri\u00e7\u00e3o, a organiza\u00e7\u00e3o participante:<\/p>\n<ol>\n<li>reconhece e declara automaticamente que aceita as regras e condi\u00e7\u00f5es estabelecidas<\/li>\n<\/ol>\n<p>neste Edital;<\/p>\n<ol>\n<li>reconhece e declara automaticamente que aceita as decis\u00f5es do Comit\u00ea de Gest\u00e3o do<\/li>\n<\/ol>\n<p>Edital para dirimir quest\u00f5es omissas do presente Edital;<\/p>\n<p>III. autoriza a BASF a publicar e divulgar no Brasil e no exterior, os conte\u00fados e as imagens<\/p>\n<p>das iniciativas inscritas;<\/p>\n<ol>\n<li>responsabiliza-se legalmente pelos documentos e materiais apresentados; e<\/li>\n<li>responsabiliza-se pelas informa\u00e7\u00f5es prestadas como ver\u00eddicas e atualizadas.<\/li>\n<\/ol>\n<p>3.2 O Edital completo, o Formul\u00e1rio de Inscri\u00e7\u00e3o e outras informa\u00e7\u00f5es sobre o Edital estar\u00e3o<\/p>\n<p>dispon\u00edveis na p\u00e1gina &lt;www.basf.com.br\/editalisp2016&gt;.<\/p>\n<p>3.3 A crit\u00e9rio da BASF, o prazo de inscri\u00e7\u00e3o, previsto no pre\u00e2mbulo, poder\u00e1 ser prorrogado e a<\/p>\n<p>comunica\u00e7\u00e3o do adiamento ser\u00e1 publicada na p\u00e1gina &lt;www.basf.com.br\/editalisp2016&gt;.<\/p>\n<p>3.4 A BASF reserva-se o direito de solicitar \u00e0s organiza\u00e7\u00f5es proponentes informa\u00e7\u00f5es<\/p>\n<p>complementares e\/ou documentos adicionais dos projetos inscritos, se assim lhe convier.<\/p>\n<p>3.5 A BASF n\u00e3o se responsabiliza por inscri\u00e7\u00f5es realizadas fora do prazo determinado neste Edital.<\/p>\n<p>3.6 No Formul\u00e1rio de Inscri\u00e7\u00e3o dever\u00e3o ser prestadas todas as informa\u00e7\u00f5es solicitadas e relevantes sobre o projeto, n\u00e3o havendo oportunidade para explica\u00e7\u00f5es posteriores.<\/p>\n<ol start=\"4\">\n<li>DO PRAZO E DAS CONDI\u00c7\u00d5ES DE INSCRI\u00c7\u00c3O<\/li>\n<\/ol>\n<p>4.1 O per\u00edodo de inscri\u00e7\u00f5es \u00e9 de 13 de fevereiro, as 9h00, at\u00e9 13 de mar\u00e7o, das 17h00. As organiza\u00e7\u00f5es proponentes dever\u00e3o observar o modo de envio do Formul\u00e1rio eletr\u00f4nico dispon\u00edvel na plataforma Prosas e as informa\u00e7\u00f5es dispon\u00edveis no endere\u00e7o eletr\u00f4nico www.basf.com.br\/editalisp01.<\/p>\n<p>4.2. As inscri\u00e7\u00f5es ser\u00e3o realizadas somente por meio de formul\u00e1rio eletr\u00f4nico disponibilizado na plataforma Prosas, que pode ser acessado conforme link indicado no endere\u00e7o eletr\u00f4nico da p\u00e1gina da BASF.<\/p>\n<ol start=\"5\">\n<li>DAS FASES DO EDITAL<\/li>\n<\/ol>\n<p>5.1 O Edital \u00e9 composto de 3 (tr\u00eas) fases de sele\u00e7\u00e3o de natureza eliminat\u00f3ria:<\/p>\n<p>Primeira &#8211; consistir\u00e1 na avalia\u00e7\u00e3o t\u00e9cnica dos projetos submetidos conforme linhas de apoio, Empregabilidade, Educa\u00e7\u00e3o Cient\u00edfica e Ambiental, Prote\u00e7\u00e3o de recursos naturais e biodiversidade.<\/p>\n<p>Segunda &#8211; ser\u00e1 realizado a sele\u00e7\u00e3o conforme o alinhamento do projeto com a estrat\u00e9gia de investimento social da BASF e a relev\u00e2ncia para as comunidades beneficiadas.<\/p>\n<p>Terceira &#8211; checagem de documenta\u00e7\u00e3o das organiza\u00e7\u00f5es proponentes.<\/p>\n<ol start=\"6\">\n<li>DA SELE\u00c7\u00c3O<\/li>\n<\/ol>\n<p>6.1 A BASF instituir\u00e1 uma Comit\u00ea de Avalia\u00e7\u00e3o T\u00e9cnica que ser\u00e1 respons\u00e1vel pela sele\u00e7\u00e3o t\u00e9cnica<\/p>\n<p>dos projetos e da valida\u00e7\u00e3o das organiza\u00e7\u00f5es proponentes.<\/p>\n<p>6.2 A Comit\u00ea de Avalia\u00e7\u00e3o T\u00e9cnica poder\u00e1 ser formado por empregados da BASF convidados para este fim.<\/p>\n<p>6.3 A participa\u00e7\u00e3o do Comit\u00ea de Avalia\u00e7\u00e3o T\u00e9cnica dever\u00e1 obedecer \u00e0s condi\u00e7\u00f5es de isonomia, sendo vedada ao membro do Comit\u00ea a participa\u00e7\u00e3o em julgamento de projeto que:<\/p>\n<ol>\n<li>Tenha participado ou colaborado na elabora\u00e7\u00e3o ou desenvolvimento dos projetos inscritos;<\/li>\n<li>Tenha parentesco com as pessoas com seus representantes legais jur\u00eddicas inscritas e\/ou;<\/li>\n<\/ol>\n<p>6.4 O membro do Comit\u00ea T\u00e9cnico de Avalia\u00e7\u00e3o que tiver qualquer um dos impedimentos descritos no item 6.3 deve comunicar aos demais integrantes do Comit\u00ea, ser\u00e1 impedida a sua participa\u00e7\u00e3o no julgamento.<\/p>\n<p>6.5 O Comit\u00ea de Avalia\u00e7\u00e3o T\u00e9cnica avaliar\u00e1 o m\u00e9rito dos projetos submetidos ao Edital de acordo com os seguintes crit\u00e9rios:<\/p>\n<p>Adequa\u00e7\u00e3o ao p\u00fablico beneficiado,<\/p>\n<p>Viabilidade financeira<\/p>\n<p>Criatividade e inova\u00e7\u00e3o<\/p>\n<p>Impacto gerado na comunidade<\/p>\n<p>Avalia\u00e7\u00e3o, monitoramento e resultados<\/p>\n<p>Parcerias e participa\u00e7\u00e3o de atores (ONGs. Comunidades, empresas e poder p\u00fablico)<\/p>\n<p>Capacidade de replica\u00e7\u00e3o<\/p>\n<p>Capacidade operacional de execu\u00e7\u00e3o e continuidade do projeto<\/p>\n<p>Impactar os ODS (Objetivos de Desenvolvimento Sustent\u00e1vel)<\/p>\n<p>Adequa\u00e7\u00e3o do projeto em rela\u00e7\u00e3o \u00e0s linhas de apoio da BASF<\/p>\n<p>6.6 O total m\u00e1ximo de pontua\u00e7\u00e3o por projeto ser\u00e1 de 100 pontos. Em caso de empate, o desempate ser\u00e1 definido pela maior pontua\u00e7\u00e3o no crit\u00e9rio \u201cadequa\u00e7\u00e3o do projeto em rela\u00e7\u00e3o \u00e0s linhas de apoio da BASF\u201d<\/p>\n<p>6.7 O que n\u00e3o ser\u00e1 apoiado financeiramente:<\/p>\n<ol>\n<li>a) O pagamento de sal\u00e1rio de funcion\u00e1rios da organiza\u00e7\u00e3o que n\u00e3o estejam atuando na implementa\u00e7\u00e3o do projeto aprovado, de associados ou membros da diretoria da organiza\u00e7\u00e3o apoiada;<\/li>\n<li>b) Utiliza\u00e7\u00e3o dos recursos com outras finalidades para al\u00e9m do que foi aprovado no projeto;<\/li>\n<li>c) Realiza\u00e7\u00e3o de despesas em data anterior ou posterior ao prazo do edital;<\/li>\n<li>d) Realiza\u00e7\u00e3o de despesas como: taxas banc\u00e1rias, multas, juros ou corre\u00e7\u00e3o monet\u00e1ria \u2013 inclusive referentes a pagamentos ou recolhimentos fora dos prazos.<\/li>\n<li>e) Os itens previstos nas legisla\u00e7\u00f5es de incentivo fiscal dos Estados.<\/li>\n<\/ol>\n<p>6.8 N\u00e3o caber\u00e1 recurso \u00e0 apura\u00e7\u00e3o do resultado da sele\u00e7\u00e3o realizada pelo Comit\u00ea de Avalia\u00e7\u00e3o T\u00e9cnica.<\/p>\n<p>6.9 O resultado ser\u00e1 divulgado, em ordem alfab\u00e9tica, na p\u00e1gina do site da BASF conforme a categoria linha de apoio inscrita.<\/p>\n<ol start=\"7\">\n<li>DO RESULTADO DO EDITAL<\/li>\n<\/ol>\n<p>7.1 A BASF celebrar\u00e1 instrumento administrativo com as organiza\u00e7\u00f5es proponentes selecionadas e o aporte se dar\u00e1, de acordo com o processo definido nas legisla\u00e7\u00f5es estaduais.<\/p>\n<p>7.3 A BASF reserva o direito de solicitar \u00e0s organiza\u00e7\u00f5es selecionadas informa\u00e7\u00f5es sobre o andamento do projeto, o uso dos recursos, a qualquer momento.<\/p>\n<ol start=\"8\">\n<li>DAS DISPOSI\u00c7\u00d5ES GERAIS<\/li>\n<\/ol>\n<p>8.1 Os prazos de cada etapa deste Edital est\u00e3o no quadro abaixo. Qualquer altera\u00e7\u00e3o ser\u00e1 divulgada na p\u00e1gina &lt;www.basf.com.br\/editalisp2016&gt;.<\/p>\n<p>Prazos limites:<\/p>\n<p>13 de fevereiro Lan\u00e7amento do Edital para sele\u00e7\u00e3o de projetos culturais e esportivos com incentivo fiscais estaduais para implementa\u00e7\u00e3o em 2017. 13 de mar\u00e7o Encerramento das inscri\u00e7\u00f5es de 14 a 20 de mar\u00e7o Avalia\u00e7\u00e3o dos projetos inscritos 30 de mar\u00e7o Divulga\u00e7\u00e3o dos projetos vencedores. De 01 de abril a 30 de dezembro de 2016 Contrata\u00e7\u00e3o e planejamento dos projetos.<\/p>\n<p>8.2 A BASF realizar\u00e1 o acompanhamento e a fiscaliza\u00e7\u00e3o de todos os atos do presente Edital, podendo tomar provid\u00eancias cab\u00edveis, a qualquer tempo, em caso de constata\u00e7\u00e3o de eventuais irregularidades.<\/p>\n<p>8.3 O descumprimento das obriga\u00e7\u00f5es previstas neste Edital e\/ou eventuais irregularidades relacionadas aos requisitos de participa\u00e7\u00e3o, constatadas a qualquer tempo, ensejar\u00e3o a desclassifica\u00e7\u00e3o da organiza\u00e7\u00e3o proponente.<\/p>\n<p>8.4 A organiza\u00e7\u00e3o proponente ser\u00e1 a \u00fanica respons\u00e1vel pela veracidade dos documentos encaminhados, isentando a BASF de qualquer responsabilidade civil ou penal. 8.5 As situa\u00e7\u00f5es n\u00e3o previstas neste Edital dever\u00e3o ser decididas pela Comiss\u00e3o de Gest\u00e3o do Edital.<\/p>\n<p>8.6 N\u00e3o caber\u00e1 recursos sobre as decis\u00f5es tomadas pelas Comiss\u00e3o de Gest\u00e3o do presente Edital e Comit\u00ea de Avalia\u00e7\u00e3o de Projetos.<\/p>\n<p>8.7 As d\u00favidas referentes a este Edital ser\u00e3o respondidas por meio do email: &lt;sustentabilidade@basf.com&gt;. Al\u00e9m disso, as principais quest\u00f5es estar\u00e3o dispon\u00edveis no item \u201cPerguntas frequentes\u201d, na p\u00e1gina do edital &lt;www.basf.com.br\/editalisp2017&gt;.<\/p>\n<p>8.8 As d\u00favidas referentes exclusivamente \u00e0 utiliza\u00e7\u00e3o da plataforma Prosas dever\u00e3o ser encaminhadas para o e-mail contato@prosas.com.br ou pelos telefones (31) 3070-3600 ou 3070-3400, com resposta exclusivamente em dias \u00fateis, de segunda a sexta-feira das 8h \u00e0s 18h.<\/p>\n<p>8.9 Todas as not\u00edcias e informa\u00e7\u00f5es a respeito deste Edital de Investimento Social ser\u00e3o divulgadas na p\u00e1gina do site da BASF www.basf.com.br\/editalisp2017.<\/p>\n<p>&nbsp;<\/p>\n","protected":false},"excerpt":{"rendered":"<p>A empresa BASF est\u00e1 com edital para projetos incentivados na \u00e1rea de esporte e cultura. Inscri\u00e7\u00e3o at\u00e9 dia 13\/03\/2017. Abaixo o conte\u00fado do edital. &nbsp; &nbsp; &nbsp; BASF &#8211; EDITAL DE SELE\u00c7\u00c3O DE PROJETOS CULTURAIS E ESPORTIVOS COM USO DE LEIS DE INCENTIVOS FISCAIS ESTADUAIS PARA 2017 Abrang\u00eancia: Estados de S\u00e3o Paulo (munic\u00edpios de Guaratinguet\u00e1, &hellip;<\/p>\n<p class=\"read-more\"> <a class=\"\" href=\"https:\/\/arleideincentivoaoesporte.com.br\/clone2\/edital-basf-brasil\/\"> <span class=\"screen-reader-text\">Edital BASF Brasil<\/span> Leia mais &raquo;<\/a><\/p>\n","protected":false},"author":3,"featured_media":319,"comment_status":"open","ping_status":"open","sticky":false,"template":"","format":"standard","meta":{"site-sidebar-layout":"default","site-content-layout":"","ast-site-content-layout":"","site-content-style":"default","site-sidebar-style":"default","ast-global-header-display":"","ast-banner-title-visibility":"","ast-main-header-display":"","ast-hfb-above-header-display":"","ast-hfb-below-header-display":"","ast-hfb-mobile-header-display":"","site-post-title":"","ast-breadcrumbs-content":"","ast-featured-img":"","footer-sml-layout":"","theme-transparent-header-meta":"","adv-header-id-meta":"","stick-header-meta":"","header-above-stick-meta":"","header-main-stick-meta":"","header-below-stick-meta":"","astra-migrate-meta-layouts":"","footnotes":""},"categories":[1],"tags":[],"_links":{"self":[{"href":"https:\/\/arleideincentivoaoesporte.com.br\/clone2\/wp-json\/wp\/v2\/posts\/594"}],"collection":[{"href":"https:\/\/arleideincentivoaoesporte.com.br\/clone2\/wp-json\/wp\/v2\/posts"}],"about":[{"href":"https:\/\/arleideincentivoaoesporte.com.br\/clone2\/wp-json\/wp\/v2\/types\/post"}],"author":[{"embeddable":true,"href":"https:\/\/arleideincentivoaoesporte.com.br\/clone2\/wp-json\/wp\/v2\/users\/3"}],"replies":[{"embeddable":true,"href":"https:\/\/arleideincentivoaoesporte.com.br\/clone2\/wp-json\/wp\/v2\/comments?post=594"}],"version-history":[{"count":0,"href":"https:\/\/arleideincentivoaoesporte.com.br\/clone2\/wp-json\/wp\/v2\/posts\/594\/revisions"}],"wp:featuredmedia":[{"embeddable":true,"href":"https:\/\/arleideincentivoaoesporte.com.br\/clone2\/wp-json\/"}],"wp:attachment":[{"href":"https:\/\/arleideincentivoaoesporte.com.br\/clone2\/wp-json\/wp\/v2\/media?parent=594"}],"wp:term":[{"taxonomy":"category","embeddable":true,"href":"https:\/\/arleideincentivoaoesporte.com.br\/clone2\/wp-json\/wp\/v2\/categories?post=594"},{"taxonomy":"post_tag","embeddable":true,"href":"https:\/\/arleideincentivoaoesporte.com.br\/clone2\/wp-json\/wp\/v2\/tags?post=594"}],"curies":[{"name":"wp","href":"https:\/\/api.w.org\/{rel}","templated":true}]}}