{"id":697,"date":"2018-03-05T20:29:39","date_gmt":"2018-03-05T23:29:39","guid":{"rendered":"https:\/\/homol.arleideincentivoaoesporte.com.br\/2018\/03\/05\/edital-ambev\/"},"modified":"2018-03-05T20:29:39","modified_gmt":"2018-03-05T23:29:39","slug":"edital-ambev","status":"publish","type":"post","link":"https:\/\/arleideincentivoaoesporte.com.br\/clone2\/edital-ambev\/","title":{"rendered":"Edital AMBEV"},"content":{"rendered":"<p>A cervejaria AMBEV lan\u00e7ou edital de sele\u00e7\u00e3o para projetos incentivados. Clique no link e descubra se o seu estado ser\u00e1 contemplado.<\/p>\n<p>Link Portal <a href=\"http:\/\/cervejariaambev.prosas.com.br\/?utm_campaign=editais_05032018&amp;utm_medium=email&amp;utm_source=RD+Station\">PROSAS<\/a><\/p>\n<p>Link portal <a href=\"https:\/\/www.ambev.com.br\/contato\/patrocinio-incentivado\/\">AMBEV<\/a><\/p>\n<p>Abaixo o edital<\/p>\n<h1>O EDITAL DE SELE\u00c7\u00c3O DE PROJETOS PARA APOIO ATRAV\u00c9S DE LEI DE INCENTIVO<\/h1>\n<p><strong>\u00a0<\/strong><\/p>\n<p><strong>\u00a0<\/strong><\/p>\n<p>A AMBEV S.A., sociedade por a\u00e7\u00f5es com sede na Rua Dr. Renato Paes de Barros, 1.017, 3\u00ba andar, CEP 04530-001, S\u00e3o Paulo &#8211; SP, inscrita no CNPJ\/MF sob o n\u00ba 07.526.557\/0001-00, torna p\u00fablico, para conhecimento dos interessados, o <strong>Edital de Sele\u00e7\u00e3o de projetos para a realiza\u00e7\u00e3o de <\/strong><strong>eventos de esporte e cultura no estado da Bahia. <\/strong>O presente EDITAL visa \u00e0 emiss\u00e3o de Termo de Compromisso e\/ou Carta de Inten\u00e7\u00e3o de Incentivo aos interessados, as quais poder\u00e3o ser apresentadas \u00e0s autoridades competentes para a obten\u00e7\u00e3o de incentivos fiscais para a realiza\u00e7\u00e3o dos Projetos.<\/p>\n<p>&nbsp;<\/p>\n<h1>1.\u00a0\u00a0\u00a0\u00a0\u00a0\u00a0\u00a0\u00a0\u00a0\u00a0\u00a0\u00a0\u00a0\u00a0\u00a0\u00a0\u00a0\u00a0 APRESENTA\u00c7\u00c3O\/OBJETO<\/h1>\n<p><strong>\u00a0<\/strong><\/p>\n<ul>\n<li>A realiza\u00e7\u00e3o do processo de sele\u00e7\u00e3o deste Programa \u00e9 de responsabilidade da APOIADORA.<\/li>\n<\/ul>\n<p>&nbsp;<\/p>\n<ul>\n<li>A Sele\u00e7\u00e3o de Projetos para apoio atrav\u00e9s da Lei de Incentivo visa \u00e0 concess\u00e3o de patroc\u00ednio financeiro a projetos apoiados pela Lei Estadual de Incentivo a cultura da Bahia e Lei Estadual de Incentivo ao Esporte da Bahia<\/li>\n<\/ul>\n<p>&nbsp;<\/p>\n<ul>\n<li>O Programa de Patroc\u00ednios Incentivados da APOIADORA investe e apoia projetos ligados a:<\/li>\n<\/ul>\n<p>&nbsp;<\/p>\n<p>&nbsp;<\/p>\n<ul>\n<li>Copa do Mundo de Futebol<\/li>\n<li>Futebol<\/li>\n<li>Skate<\/li>\n<li>Surf<\/li>\n<li>Corrida de rua<\/li>\n<li>M\u00fasica sertaneja<\/li>\n<li>Festivais culturais<\/li>\n<li>Feiras e festivais gastron\u00f4micos<\/li>\n<li>Oktoberfest<\/li>\n<\/ul>\n<p>&nbsp;<\/p>\n<p>&nbsp;<\/p>\n<ul>\n<li>A <strong>APOIADORA <\/strong>poder\u00e1 apoiar cada Projeto com valor inferior ao solicitado e\/ou proposto, podendo ainda limitar o valor total e o n\u00famero de projetos a serem apoiados por empresa ou pessoa f\u00edsica.<\/li>\n<\/ul>\n<p>&nbsp;<\/p>\n<h1>2.\u00a0\u00a0\u00a0\u00a0\u00a0\u00a0\u00a0\u00a0\u00a0\u00a0\u00a0\u00a0\u00a0\u00a0\u00a0\u00a0\u00a0 CONDI\u00c7\u00d5ES PARA A PARTICIPA\u00c7\u00c3O<\/h1>\n<p><strong>\u00a0<\/strong><\/p>\n<ul>\n<li>A participa\u00e7\u00e3o no processo de sele\u00e7\u00e3o deste Programa \u00e9 gratuita e, ao se inscrever, o Proponente adere e se vincula, de forma irrevog\u00e1vel e irretrat\u00e1vel, a todas as regras deste<\/li>\n<\/ul>\n<p>&nbsp;<\/p>\n<ul>\n<li>Somente ser\u00e3o admitidos projetos com prazo de capta\u00e7\u00e3o v\u00e1lido at\u00e9 pelo menos 90 dias ap\u00f3s o encerramento das inscri\u00e7\u00f5es conforme previsto no item 1.<\/li>\n<\/ul>\n<p>&nbsp;<\/p>\n<ul>\n<li>As inscri\u00e7\u00f5es dever\u00e3o ser feitas pelo representante legal do Proponente ou pelo respons\u00e1vel pela inscri\u00e7\u00e3o do projeto, que conste como seu elaborador no processo de aprova\u00e7\u00e3o. N\u00e3o ser\u00e3o aceitas inscri\u00e7\u00f5es feitas por<\/li>\n<\/ul>\n<p>&nbsp;<\/p>\n<ul>\n<li>N\u00e3o ser\u00e1 admitido projeto apresentado por:<\/li>\n<\/ul>\n<p>&nbsp;<\/p>\n<ul>\n<li>&#8211; Entidade que n\u00e3o tenha em seu estatuto ou contrato social fun\u00e7\u00e3o prec\u00edpua ligada a atividades culturais, no caso de projetos culturais, e atividades esportivas, no caso de projetos<\/li>\n<li>&#8211; Entidade que n\u00e3o seja diretamente respons\u00e1vel pela realiza\u00e7\u00e3o do projeto proposto III &#8211; Servidor ou empregado da administra\u00e7\u00e3o p\u00fablica estadual, direta ou indireta;<\/li>\n<li>&#8211; Pessoa f\u00edsica ou jur\u00eddica contratada para apresentar-se como proponente;<\/li>\n<li>&#8211; Pessoa jur\u00eddica da qual funcion\u00e1rio e\/ou s\u00f3cio da APOIADORA seja titular, administrador, gerente, acionista ou s\u00f3cio, na data da inscri\u00e7\u00e3o, ou nos doze meses anteriores;<\/li>\n<li>\u2013 Pessoa f\u00edsica ou Pessoa jur\u00eddica que tenha como s\u00f3cio o c\u00f4njuge, os parentes at\u00e9 o terceiro grau, inclusive os afins, e\/ou os dependentes de funcion\u00e1rio e\/ou s\u00f3cio da<\/li>\n<\/ul>\n<p>&nbsp;<\/p>\n<ul>\n<li>A sele\u00e7\u00e3o do projeto n\u00e3o implica automaticamente na sua contrata\u00e7\u00e3o, tampouco na obriga\u00e7\u00e3o de patroc\u00ednio ou na concess\u00e3o de qualquer<\/li>\n<\/ul>\n<p>&nbsp;<\/p>\n<ul>\n<li>Caber\u00e1 \u00fanica e exclusivamente ao Proponente a responsabilidade pela capta\u00e7\u00e3o dos demais recursos necess\u00e1rios \u00e0 concretiza\u00e7\u00e3o do projeto, caso o patroc\u00ednio financeiro fornecido pela APOIADORA seja inferior ao valor total do or\u00e7amento.<\/li>\n<\/ul>\n<p>&nbsp;<\/p>\n<p>&nbsp;<\/p>\n<ul>\n<li>Os projetos selecionados n\u00e3o poder\u00e3o, em hip\u00f3tese nenhuma, ser patrocinados por concorrentes diretos ou indiretos das empresas do Grupo<\/li>\n<\/ul>\n<p>&nbsp;<\/p>\n<ul>\n<li>A participa\u00e7\u00e3o no processo de sele\u00e7\u00e3o deste Programa importa a responsabiliza\u00e7\u00e3o pessoal e intransfer\u00edvel dos Proponentes e\/ou seus representantes legais pela veracidade das informa\u00e7\u00f5es fornecidas \u00e0 APOIADORA e aos \u00f3rg\u00e3os p\u00fablicos recebedores dos<\/li>\n<\/ul>\n<p>&nbsp;<\/p>\n<h1>3.\u00a0\u00a0\u00a0\u00a0\u00a0\u00a0\u00a0\u00a0\u00a0\u00a0\u00a0\u00a0\u00a0\u00a0\u00a0\u00a0\u00a0\u00a0 INSCRI\u00c7\u00c3O<\/h1>\n<p><strong>\u00a0<\/strong><\/p>\n<ul>\n<li>As inscri\u00e7\u00f5es estar\u00e3o abertas das 10h (hor\u00e1rio de Bras\u00edlia) do dia 28 de fevereiro de 2018 at\u00e9 18h (hor\u00e1rio de Bras\u00edlia) do dia 29 de mar\u00e7o de<\/li>\n<\/ul>\n<p>&nbsp;<\/p>\n<ul>\n<li>As inscri\u00e7\u00f5es somente poder\u00e3o ser feitas pelo site <a href=\"http:\/\/www.cervejariaambev.prosas.com.br\/selecao-cultura-esporte-ba\/\">cervejariaambev.prosas.com.br\/selecao-cultura-esporte-ba\/<\/a> atrav\u00e9s de formul\u00e1rio espec\u00edfico existente no referido site.<\/li>\n<\/ul>\n<p>&nbsp;<\/p>\n<p>&nbsp;<\/p>\n<ul>\n<li>As avalia\u00e7\u00f5es ser\u00e3o feitas com base nos dados e informa\u00e7\u00f5es apresentados na ficha de inscri\u00e7\u00e3o, mas poder\u00e3o n\u00e3o se limitar a Caso haja diverg\u00eancia injustificada entre as informa\u00e7\u00f5es sobre o projeto constantes da ficha de inscri\u00e7\u00e3o da APOIADORA e as informa\u00e7\u00f5es apresentadas ao \u00f3rg\u00e3o competente o projeto ser\u00e1 automaticamente desclassificado.<\/li>\n<\/ul>\n<p>&nbsp;<\/p>\n<p>&nbsp;<\/p>\n<ul>\n<li>O Proponente dever\u00e1 ser o \u00fanico respons\u00e1vel pela autoria do projeto inscrito e ser\u00e1 respons\u00e1vel, inclusive judicialmente, no caso de qualquer questionamento que diga respeito ao mesmo e \u00e0s informa\u00e7\u00f5es prestadas a<\/li>\n<\/ul>\n<p>&nbsp;<\/p>\n<ul>\n<li>O resultado do processo de sele\u00e7\u00e3o ser\u00e1 divulgado, em data a ser definida pela APOIADORA, no site <a href=\"http:\/\/www.cervejariaambev.prosas.com.br\/selecao-cultura-esporte-ba\/\">cervejariaambev.prosas.com.br\/selecao-cultura-esporte-ba\/<\/a> e, apenas para os projetos selecionados, mediante contato atrav\u00e9s de um dos meios de contato constantes na ficha de inscri\u00e7\u00e3o.<\/li>\n<\/ul>\n<p>&nbsp;<\/p>\n<h1>4.\u00a0\u00a0\u00a0\u00a0\u00a0\u00a0\u00a0\u00a0\u00a0\u00a0\u00a0\u00a0\u00a0\u00a0\u00a0\u00a0\u00a0 PROCEDIMENTOS DE SELE\u00c7\u00c3O<\/h1>\n<p>&nbsp;<\/p>\n<ul>\n<li>A sele\u00e7\u00e3o dos projetos ser\u00e1 realizada por uma comiss\u00e3o de sele\u00e7\u00e3o (\u201cComiss\u00e3o de Sele\u00e7\u00e3o\u201d) composta por profissionais da APOIADORA, e ser\u00e1 precedida por avalia\u00e7\u00e3o dos requisitos formais das propostas por Consultoria Externa especializada em projetos incentivados.<\/li>\n<\/ul>\n<p>&nbsp;<\/p>\n<ul>\n<li>N\u00e3o poder\u00e3o integrar a Comiss\u00e3o de Sele\u00e7\u00e3o s\u00f3cios e\/ou associados e\/ou dirigentes de Proponentes e seus parentes at\u00e9 2\u00ba grau e nem os pr\u00f3prios Proponentes, caso sejam pessoas f\u00edsicas.<\/li>\n<\/ul>\n<p>&nbsp;<\/p>\n<ul>\n<li>Para fins de realiza\u00e7\u00e3o da fase de sele\u00e7\u00e3o, a Comiss\u00e3o levar\u00e1 em conta os seguintes crit\u00e9rios:<\/li>\n<\/ul>\n<p>&nbsp;<\/p>\n<ul>\n<li>Alinhamento \u00e0s diretrizes referidas no item 2.<\/li>\n<\/ul>\n<p>&nbsp;<\/p>\n<ul>\n<li>Estrat\u00e9gias de divulga\u00e7\u00e3o e promo\u00e7\u00e3o do projeto e da marca da<\/li>\n<\/ul>\n<p>&nbsp;<\/p>\n<ul>\n<li>Compatibilidade entre proposta, or\u00e7amento e tempo de execu\u00e7\u00e3o.<\/li>\n<\/ul>\n<p>&nbsp;<\/p>\n<ul>\n<li>Capacidade de realiza\u00e7\u00e3o do Proponente e viabilidade t\u00e9cnica, financeira e operacional do<\/li>\n<\/ul>\n<p>&nbsp;<\/p>\n<ul>\n<li>Capacidade de realiza\u00e7\u00e3o do projeto diante dos recursos dispon\u00edveis na<\/li>\n<\/ul>\n<p>&nbsp;<\/p>\n<p>&nbsp;<\/p>\n<ul>\n<li>Atendimento a crit\u00e9rios legais e formais estabelecidos e verificados pelo departamento jur\u00eddico da APOIADORA e pela Consultoria Externa especializada em projetos<\/li>\n<\/ul>\n<p>&nbsp;<\/p>\n<p>&nbsp;<\/p>\n<h1>5.\u00a0\u00a0\u00a0\u00a0\u00a0\u00a0\u00a0\u00a0\u00a0\u00a0\u00a0\u00a0\u00a0\u00a0\u00a0\u00a0\u00a0 CONDI\u00c7\u00d5ES PARA CONCESS\u00c3O DO PATROC\u00cdNIO<\/h1>\n<p><strong>\u00a0<\/strong><\/p>\n<ul>\n<li>Para a confirma\u00e7\u00e3o do patroc\u00ednio, os Proponentes selecionados dever\u00e3o comprovar a aprova\u00e7\u00e3o do projeto selecionado, por meio do envio da publica\u00e7\u00e3o, no Di\u00e1rio Oficial, da aprova\u00e7\u00e3o do projeto com prazo de capta\u00e7\u00e3o suficiente para finaliza\u00e7\u00e3o do processo de patroc\u00ednio.<\/li>\n<\/ul>\n<p>&nbsp;<\/p>\n<ul>\n<li>\u00c9 obriga\u00e7\u00e3o dos proponentes atender todos os requisitos legais necess\u00e1rios \u00e0 obten\u00e7\u00e3o dos benef\u00edcios exigidos pela legisla\u00e7\u00e3o aplic\u00e1vel, bem como apresentar \u00e0 APOIADORA os documentos exigidos pela legisla\u00e7\u00e3o aplic\u00e1vel para que ocorra a capta\u00e7\u00e3o do benef\u00edcio fiscal almejado, como condi\u00e7\u00e3o para concess\u00e3o do patroc\u00ednio;<\/li>\n<\/ul>\n<p>&nbsp;<\/p>\n<ul>\n<li>N\u00e3o ser\u00e1 patrocinado o Proponente selecionado que n\u00e3o apresentar, no prazo estipulado pela APOIADORA, a documenta\u00e7\u00e3o solicitada ou cuja justificativa para sua n\u00e3o apresenta\u00e7\u00e3o n\u00e3o tiver sido aceita pela<\/li>\n<\/ul>\n<p>&nbsp;<\/p>\n<ul>\n<li>\u00c0 APOIADORA \u00e9 garantido o direito de cancelar ou paralisar, sem nenhum \u00f4nus para a APOIADORA, o patroc\u00ednio de qualquer projeto independentemente de<\/li>\n<\/ul>\n<p>&nbsp;<\/p>\n<h1>6.\u00a0\u00a0\u00a0\u00a0\u00a0\u00a0\u00a0\u00a0\u00a0\u00a0\u00a0\u00a0\u00a0\u00a0\u00a0\u00a0\u00a0 CONCESS\u00c3O DO PATROC\u00cdNIO<\/h1>\n<p><strong>\u00a0<\/strong><\/p>\n<ul>\n<li>O patroc\u00ednio financeiro incentivado ser\u00e1 confirmado mediante celebra\u00e7\u00e3o de Contrato de Patroc\u00ednio, a ser firmado entre o Proponente e a APOIADORA ou uma de suas<\/li>\n<\/ul>\n<p>&nbsp;<\/p>\n<ul>\n<li>Os recursos financeiros concedidos ser\u00e3o depositados no prazo a ser informado em contrato pela APOIADORA<strong>, <\/strong>em conta corrente espec\u00edfica, vinculada ao projeto selecionado, ap\u00f3s recebimento e aprova\u00e7\u00e3o de toda a documenta\u00e7\u00e3o<\/li>\n<\/ul>\n<p>&nbsp;<\/p>\n<ul>\n<li>Caso seja constatada alguma diverg\u00eancia nas informa\u00e7\u00f5es prestadas pelo Proponente selecionado, o pagamento do patroc\u00ednio poder\u00e1 ser cancelado sem nenhum \u00f4nus \u00e0 APOIADORA ou ficar\u00e1 sobrestado at\u00e9 que tal diverg\u00eancia seja<\/li>\n<\/ul>\n<p>&nbsp;<\/p>\n<ul>\n<li>O Proponente selecionado compromete-se a n\u00e3o promover nenhuma altera\u00e7\u00e3o no projeto, principalmente aquelas relacionadas a data, local, objetivo, condi\u00e7\u00f5es de comercializa\u00e7\u00e3o e or\u00e7amento sem pr\u00e9via apresenta\u00e7\u00e3o \u00e0 APOIADORA e anu\u00eancia do \u00f3rg\u00e3o competente as altera\u00e7\u00f5es<\/li>\n<\/ul>\n<p>&nbsp;<\/p>\n<ul>\n<li>No valor do patroc\u00ednio est\u00e3o inclu\u00eddos todos os custos diretos e indiretos do projeto selecionado, sua administra\u00e7\u00e3o, imprevistos, encargos fiscais, sociais e previdenci\u00e1rios, sem a estes se limitarem, n\u00e3o sendo devido pela APOIADORA mais nenhum valor, sob nenhuma hip\u00f3tese, seja a que t\u00edtulo<\/li>\n<\/ul>\n<p>&nbsp;<\/p>\n<ul>\n<li>Caso seja necess\u00e1rio, o Proponente selecionado compromete-se a obter os demais recursos necess\u00e1rios para a realiza\u00e7\u00e3o do Projeto, sendo-lhe expressamente vedada a obten\u00e7\u00e3o de recursos provenientes de outras empresas concorrentes das empresas<\/li>\n<\/ul>\n<p>&nbsp;<\/p>\n<ul>\n<li>O efetivo pagamento dos recursos financeiros referentes ao patroc\u00ednio est\u00e1 condicionado \u00e0 concess\u00e3o do benef\u00edcio fiscal por parte do \u00f3rg\u00e3o fazend\u00e1rio competente, al\u00e9m da observ\u00e2ncia de todas as regulamenta\u00e7\u00f5es espec\u00edficas aplic\u00e1veis.<\/li>\n<\/ul>\n<p>&nbsp;<\/p>\n<ul>\n<li>\u00c9 condi\u00e7\u00e3o para concess\u00e3o do patroc\u00ednio a aprova\u00e7\u00e3o do Proponente e do Projeto nos processos internos de patroc\u00ednios da Ambev, incluindo, mas n\u00e3o limitando, a an\u00e1lise do proponente pelo departamento de Compliance e an\u00e1lise do projeto pelo Comit\u00ea de Incentivos<\/li>\n<\/ul>\n<p>&nbsp;<\/p>\n<h1>7.\u00a0\u00a0\u00a0\u00a0\u00a0\u00a0\u00a0\u00a0\u00a0\u00a0\u00a0\u00a0\u00a0\u00a0\u00a0\u00a0\u00a0 CONDI\u00c7\u00d5ES GERAIS<\/h1>\n<p><strong>\u00a0<\/strong><\/p>\n<ul>\n<li>Os Proponentes selecionados assumem total e exclusiva responsabilidade direta ou regressivamente, \u00fanica e exclusivamente, pela contrata\u00e7\u00e3o de todos os servi\u00e7os e m\u00e3o de obra necess\u00e1rios \u00e0 realiza\u00e7\u00e3o do projeto, independentemente do fato de ser ou n\u00e3o executor direto do servi\u00e7o prestado, sendo de sua exclusiva responsabilidade o pagamento de tais servi\u00e7os e m\u00e3o de obra, al\u00e9m do pagamento de encargos trabalhistas, fiscais e sociais devidos em decorr\u00eancia da execu\u00e7\u00e3o do projeto, bem como de todas e quaisquer eventuais reivindica\u00e7\u00f5es de terceiros que se sintam prejudicados pela sua participa\u00e7\u00e3o no presente processo de sele\u00e7\u00e3o.<\/li>\n<\/ul>\n<p>&nbsp;<\/p>\n<ul>\n<li>Os Proponentes selecionados, desde j\u00e1, autorizam a cess\u00e3o e transfer\u00eancia, sem nenhum direito a remunera\u00e7\u00e3o adicional al\u00e9m do valor do patroc\u00ednio, e sem qualquer limita\u00e7\u00e3o de tempo ou de n\u00famero de vezes, no Brasil ou no exterior, o direito de utilizar, apenas sem fins comerciais, imagens e sons captados do projeto diretamente pela APOIADORA, ou por terceiros por ela indicados, ou ainda as imagens e sons do projeto diretamente captados pelo Proponente ou por terceiros por ele indicados ou autorizados, podendo a APOIADORA deles dispor, para uso \u00fanico e exclusivo em materiais de divulga\u00e7\u00e3o de suas marcas, por prazo<\/li>\n<\/ul>\n<p>&nbsp;<\/p>\n<ul>\n<li>O projeto somente poder\u00e1 ser patrocinado e\/ou promovido por r\u00e1dios, televis\u00e3o, portais de internet ou outros ve\u00edculos de comunica\u00e7\u00e3o com pr\u00e9via consulta e aprova\u00e7\u00e3o da APOIADORA independentemente da origem dos recursos para custeio da divulga\u00e7\u00e3o.<\/li>\n<\/ul>\n<p>&nbsp;<\/p>\n<ul>\n<li>Para os projetos que forem apresentados, dever\u00e3o ser observadas as seguintes regras com rela\u00e7\u00e3o \u00e0 presta\u00e7\u00e3o de contas, nos casos em que esta for exigida pelo \u00f3rg\u00e3o p\u00fablico de cultura ou esporte:<\/li>\n<\/ul>\n<p>&nbsp;<\/p>\n<ul>\n<li>Ser apresentada no prazo previsto na legisla\u00e7\u00e3o espec\u00edfica na qual o Projeto esteja<\/li>\n<li>Observar as normas legais espec\u00edficas relativas \u00e0 presta\u00e7\u00e3o de contas aplic\u00e1veis ao<\/li>\n<li>N\u00e3o utilizar, ou permitir que sejam utilizados, servi\u00e7os ou comprovantes de despesas emitidos por empresas que sejam consideradas inid\u00f4neas ou irregulares pelos \u00f3rg\u00e3os p\u00fablicos<\/li>\n<li>Encaminhar uma c\u00f3pia completa da presta\u00e7\u00e3o de contas \u00e0 APOIADORA com 15 (quinze) dias de anteced\u00eancia ao prazo final legal previsto para a sua apresenta\u00e7\u00e3o ao \u00f3rg\u00e3o p\u00fablico competente. Caso o \u00f3rg\u00e3o p\u00fablico competente exija a apresenta\u00e7\u00e3o de presta\u00e7\u00f5es de contas peri\u00f3dicas, tal presta\u00e7\u00e3o tamb\u00e9m dever\u00e1 ser feita \u00e0 APOIADORA com a mesma anteced\u00eancia de 15 (quinze)<\/li>\n<li>Atender, na condi\u00e7\u00e3o de \u00fanico e exclusivo respons\u00e1vel pela presta\u00e7\u00e3o de contas, todos os questionamentos e exig\u00eancias que forem formulados pelo \u00f3rg\u00e3o competente ou pela APOIADORA ou empresa por ela<\/li>\n<li>Nos casos em que o \u00f3rg\u00e3o p\u00fablico competente n\u00e3o exigir a presta\u00e7\u00e3o de contas, esta dever\u00e1 ser apresentada \u00e0 APOIADORA at\u00e9 15 (quinze) dias antes da data prevista para a conclus\u00e3o do<\/li>\n<\/ul>\n<p>&nbsp;<\/p>\n<ul>\n<li>Ser\u00e3o desclassificados e exclu\u00eddos do processo de sele\u00e7\u00e3o:<\/li>\n<\/ul>\n<p>&nbsp;<\/p>\n<ul>\n<li>Projetos que n\u00e3o preencherem os requisitos de inscri\u00e7\u00e3o.<\/li>\n<li>Proponentes que cometerem qualquer tipo de<\/li>\n<li>Proponentes que est\u00e3o com presta\u00e7\u00e3o de contas de projetos e\/ou contratos sob sua responsabilidade em atraso ou com pend\u00eancias junto aos \u00f3rg\u00e3os de cultura, esporte ou \u00e0<\/li>\n<li>Proponentes que apresentarem projetos com informa\u00e7\u00f5es incompletas<\/li>\n<\/ul>\n<p>&nbsp;<\/p>\n<ul>\n<li>Os Proponentes selecionados devem abster-se de fazer, direta ou indiretamente, qualquer pagamento, donativo ou concess\u00e3o a (i) funcion\u00e1rio p\u00fablico, (ii) administrador, funcion\u00e1rio ou fornecedor da APOIADORA ou (iii) qualquer terceiro, relativamente \u00e0 execu\u00e7\u00e3o deste Contrato, que possa constituir uma viola\u00e7\u00e3o \u00e0 legisla\u00e7\u00e3o aplic\u00e1vel, o que inclui, entre outros, a lei norte-americana contra pr\u00e1ticas de corrup\u00e7\u00e3o no exterior, conhecida como Foreign Corrupt Practices Act, a Lei Anticorrup\u00e7\u00e3o (Lei 846\/13), e, no que forem aplic\u00e1veis, os seguintes tratados internacionais: a Conven\u00e7\u00e3o Interamericana Contra a Corrup\u00e7\u00e3o (Conven\u00e7\u00e3o da OEA), a Conven\u00e7\u00e3o das Na\u00e7\u00f5es Unidas Contra a Corrup\u00e7\u00e3o (Conven\u00e7\u00e3o das Na\u00e7\u00f5es Unidas), a Conven\u00e7\u00e3o sobre o Combate da Corrup\u00e7\u00e3o de Funcion\u00e1rios P\u00fablicos Estrangeiros em Transa\u00e7\u00f5es Comerciais Internacionais (Conven\u00e7\u00e3o da OCDE).<\/li>\n<\/ul>\n<p>&nbsp;<\/p>\n<ul>\n<li>Quaisquer d\u00favidas, diverg\u00eancia ou situa\u00e7\u00f5es n\u00e3o previstas neste regulamento ser\u00e3o apreciadas e decididas pela APOIADORA, cuja decis\u00e3o \u00e9 soberana e irrecorr\u00edvel.<\/li>\n<\/ul>\n<p>&nbsp;<\/p>\n<ul>\n<li>A APOIADORA se reserva o direito de, a seu exclusivo crit\u00e9rio, alterar os termos deste Programa, informando previamente os participantes do processo de sele\u00e7\u00e3o, por interm\u00e9dio de<\/li>\n<\/ul>\n<p>&nbsp;<\/p>\n<p>avisos no site <a href=\"http:\/\/www.cervejariaambev.prosas.com.br\/selecao-cultura-esporte-ba\/\">www.cervejariaambev.prosas.com.br\/selecao-cultura-esporte-ba\/<\/a> sempre se pautando pela legalidade e pelo respeito aos participantes.<\/p>\n<p>&nbsp;<\/p>\n<ul>\n<li>Todo e qualquer ato, contrato ou compromisso firmado pelo Proponente, para fins de participa\u00e7\u00e3o neste Processo de Sele\u00e7\u00e3o ou de execu\u00e7\u00e3o do Contrato, \u00e9 de sua \u00fanica e exclusiva<\/li>\n<\/ul>\n<p>&nbsp;<\/p>\n<ul>\n<li>O projeto corre por conta e risco do proponente e nenhum valor ser\u00e1 devido antes do contrato ser assinado e todas as autoriza\u00e7\u00f5es necess\u00e1rias para o credito fiscal serem concedidas \u00e0<\/li>\n<\/ul>\n<p>&nbsp;<\/p>\n<ul>\n<li>Fica eleito o Foro Central da Cidade de S\u00e3o Paulo como competente para resolver quaisquer controv\u00e9rsias relativas ou decorrentes deste EDITAL, com ren\u00fancia expressa a qualquer outro por mais privilegiado que<\/li>\n<\/ul>\n","protected":false},"excerpt":{"rendered":"<p>A cervejaria AMBEV lan\u00e7ou edital de sele\u00e7\u00e3o para projetos incentivados. Clique no link e descubra se o seu estado ser\u00e1 contemplado. Link Portal PROSAS Link portal AMBEV Abaixo o edital O EDITAL DE SELE\u00c7\u00c3O DE PROJETOS PARA APOIO ATRAV\u00c9S DE LEI DE INCENTIVO \u00a0 \u00a0 A AMBEV S.A., sociedade por a\u00e7\u00f5es com sede na Rua &hellip;<\/p>\n<p class=\"read-more\"> <a class=\"\" href=\"https:\/\/arleideincentivoaoesporte.com.br\/clone2\/edital-ambev\/\"> <span class=\"screen-reader-text\">Edital AMBEV<\/span> Leia mais &raquo;<\/a><\/p>\n","protected":false},"author":3,"featured_media":487,"comment_status":"open","ping_status":"open","sticky":false,"template":"","format":"standard","meta":{"site-sidebar-layout":"default","site-content-layout":"","ast-site-content-layout":"","site-content-style":"default","site-sidebar-style":"default","ast-global-header-display":"","ast-banner-title-visibility":"","ast-main-header-display":"","ast-hfb-above-header-display":"","ast-hfb-below-header-display":"","ast-hfb-mobile-header-display":"","site-post-title":"","ast-breadcrumbs-content":"","ast-featured-img":"","footer-sml-layout":"","theme-transparent-header-meta":"","adv-header-id-meta":"","stick-header-meta":"","header-above-stick-meta":"","header-main-stick-meta":"","header-below-stick-meta":"","astra-migrate-meta-layouts":"","footnotes":""},"categories":[1],"tags":[],"_links":{"self":[{"href":"https:\/\/arleideincentivoaoesporte.com.br\/clone2\/wp-json\/wp\/v2\/posts\/697"}],"collection":[{"href":"https:\/\/arleideincentivoaoesporte.com.br\/clone2\/wp-json\/wp\/v2\/posts"}],"about":[{"href":"https:\/\/arleideincentivoaoesporte.com.br\/clone2\/wp-json\/wp\/v2\/types\/post"}],"author":[{"embeddable":true,"href":"https:\/\/arleideincentivoaoesporte.com.br\/clone2\/wp-json\/wp\/v2\/users\/3"}],"replies":[{"embeddable":true,"href":"https:\/\/arleideincentivoaoesporte.com.br\/clone2\/wp-json\/wp\/v2\/comments?post=697"}],"version-history":[{"count":0,"href":"https:\/\/arleideincentivoaoesporte.com.br\/clone2\/wp-json\/wp\/v2\/posts\/697\/revisions"}],"wp:featuredmedia":[{"embeddable":true,"href":"https:\/\/arleideincentivoaoesporte.com.br\/clone2\/wp-json\/wp\/v2\/media\/487"}],"wp:attachment":[{"href":"https:\/\/arleideincentivoaoesporte.com.br\/clone2\/wp-json\/wp\/v2\/media?parent=697"}],"wp:term":[{"taxonomy":"category","embeddable":true,"href":"https:\/\/arleideincentivoaoesporte.com.br\/clone2\/wp-json\/wp\/v2\/categories?post=697"},{"taxonomy":"post_tag","embeddable":true,"href":"https:\/\/arleideincentivoaoesporte.com.br\/clone2\/wp-json\/wp\/v2\/tags?post=697"}],"curies":[{"name":"wp","href":"https:\/\/api.w.org\/{rel}","templated":true}]}}