{"id":774,"date":"2018-10-03T18:23:12","date_gmt":"2018-10-03T21:23:12","guid":{"rendered":"https:\/\/homol.arleideincentivoaoesporte.com.br\/2018\/10\/03\/edital-prudential-do-brasil\/"},"modified":"2018-10-03T18:23:12","modified_gmt":"2018-10-03T21:23:12","slug":"edital-prudential-do-brasil","status":"publish","type":"post","link":"https:\/\/arleideincentivoaoesporte.com.br\/clone2\/edital-prudential-do-brasil\/","title":{"rendered":"Edital Prudential do Brasil"},"content":{"rendered":"<p>&nbsp;<\/p>\n<p>&nbsp;<\/p>\n<p>Edital de Patroc\u00ednio de Projetos Sociais<\/p>\n<p>&nbsp;<\/p>\n<p>&nbsp;<\/p>\n<p>A Prudential do Brasil, por meio da \u00e1rea de Marketing Institucional, vem, tornar p\u00fablico a abertura do segundo per\u00edodo para recebimento e an\u00e1lise de propostas para patroc\u00ednio de projetos sociais.<\/p>\n<p>&nbsp;<\/p>\n<p>&nbsp;<\/p>\n<h1>1.\u00a0\u00a0\u00a0\u00a0\u00a0 APRESENTA\u00c7\u00c3O<\/h1>\n<p><strong>\u00a0<\/strong><\/p>\n<p>A Prudential do Brasil Seguros de Vida S.A. \u00e9 uma subsidi\u00e1ria da Prudential Financial, Inc, uma das maiores institui\u00e7\u00f5es em servi\u00e7os financeiros no mundo. A companhia tem feito neg\u00f3cios no Brasil desde 1998, quando iniciou a comercializa\u00e7\u00e3o do seguro de vida individual. Nessa linha de neg\u00f3cios, a companhia estabeleceu 37 ag\u00eancias e dois escrit\u00f3rios comerciais. A comercializa\u00e7\u00e3o de seus produtos nesse segmento \u00e9 realizada por meio de corretores franqueados conhecidos como Life Planner e pelas corretoras de seguros das empresas parceiras. Em 2017, a seguradora ingressou no mercado brasileiro de seguro de vida em grupo, ampliando a sua atua\u00e7\u00e3o no pa\u00eds e levando o seguro de vida para cada vez mais brasileiros.<\/p>\n<p>&nbsp;<\/p>\n<h1>Nossa miss\u00e3o<\/h1>\n<p><strong>\u00a0<\/strong><\/p>\n<p>Com aten\u00e7\u00e3o e carinho, oferecer seguran\u00e7a financeira e tranquilidade para quem voc\u00ea mais ama.<\/p>\n<p>&nbsp;<\/p>\n<h1>Nossa vis\u00e3o<\/h1>\n<p><strong>\u00a0<\/strong><\/p>\n<p>Ser a mais confi\u00e1vel e admirada seguradora do Brasil.<\/p>\n<p>&nbsp;<\/p>\n<p>Para mais informa\u00e7\u00f5es, acesse: <a href=\"http:\/\/www.prudentialdobrasil.com.br\/\">www.prudentialdobrasil.com.br<\/a>.<\/p>\n<p>&nbsp;<\/p>\n<h1>2.\u00a0\u00a0\u00a0\u00a0\u00a0 OBJETIVO<\/h1>\n<p><strong>\u00a0<\/strong><\/p>\n<p>A Prudential do Brasil torna p\u00fablico o presente edital para selecionar projetos sociais que contribuam efetivamente para a prote\u00e7\u00e3o, promo\u00e7\u00e3o e desenvolvimento social de parcelas da popula\u00e7\u00e3o em situa\u00e7\u00e3o de vulnerabilidade e risco socioecon\u00f4mico. Ser\u00e3o analisadas as propostas de atua\u00e7\u00e3o nas \u00e1reas de qualidade de vida, sa\u00fade, longevidade, acessibilidade, cultura, esporte, educa\u00e7\u00e3o, seguran\u00e7a e bem-estar.<\/p>\n<p>&nbsp;<\/p>\n<p>Os projetos selecionados dever\u00e3o estar devidamente e comprovadamente registrados em uma das seguintes leis de incentivo fiscal:<\/p>\n<p>&nbsp;<\/p>\n<ul>\n<li>Lei Federal n\u00ba 8.313\/91 \u2013 Lei Rouanet de Incentivo \u00e0 Cultura;<\/li>\n<li>Lei Federal n\u00ba 11.438\/2006 \u2013 Lei de Incentivo ao Esporte;<\/li>\n<li>Lei 8.069\/1990 \u2013 Estatuto da Crian\u00e7a e do Adolescente;<\/li>\n<li>Lei Federal n\u00ba 12.213\/2010 \u2013 Fundo Nacional do Idoso;<\/li>\n<li>Lei n\u00ba 12.715\/2012 \u2013 Programa Nacional de Apoio \u00e0 Aten\u00e7\u00e3o da Sa\u00fade da Pessoa com Defici\u00eancia (PRONAS\/PCD);<\/li>\n<li>Lei n\u00ba 12.715\/2012 \u2013 Programa Nacional de Apoio \u00e0 Aten\u00e7\u00e3o Oncol\u00f3gica (PRONON).<\/li>\n<\/ul>\n<p>&nbsp;<\/p>\n<p>Os projetos inscritos ser\u00e3o triados e pr\u00e9-selecionados pela Ger\u00eancia de Marketing Institucional da Prudential do Brasil e aprovados por um Comit\u00ea Aprovador formado por executivos da Prudential do Brasil.<\/p>\n<p>&nbsp;<\/p>\n<p>Os projetos que n\u00e3o enviarem toda a documenta\u00e7\u00e3o, descrita na se\u00e7\u00e3o 6, est\u00e3o sujeitos \u00e0 desclassifica\u00e7\u00e3o.<\/p>\n<p>&nbsp;<\/p>\n<h1>3.\u00a0\u00a0\u00a0\u00a0\u00a0 \u00c1REA DE ABRANG\u00caNCIA<\/h1>\n<p><strong>\u00a0<\/strong><\/p>\n<p>A Prudential do Brasil apoia e patrocina projetos de diversas regi\u00f5es de acordo com avalia\u00e7\u00f5es internas da companhia.<\/p>\n<p>&nbsp;<\/p>\n<h1>4.\u00a0\u00a0\u00a0\u00a0\u00a0 CONDI\u00c7\u00d5ES DE PARTICIPA\u00c7\u00c3O<\/h1>\n<p><strong>\u00a0<\/strong><\/p>\n<p>Para participar do processo de sele\u00e7\u00e3o, as organiza\u00e7\u00f5es interessadas dever\u00e3o cumprir os seguintes passos:<\/p>\n<ul>\n<li>Ler este documento para conhecimento dos crit\u00e9rios de avalia\u00e7\u00e3o de projetos pela Prudential do Brasil;<\/li>\n<li>Enviar toda a documenta\u00e7\u00e3o solicitada na se\u00e7\u00e3o 6;<\/li>\n<li>Proponente pessoas jur\u00eddicas, com ou sem fins lucrativos (institui\u00e7\u00f5es, empresas, funda\u00e7\u00f5es, associa\u00e7\u00f5es, ) ou proponentes pessoas f\u00edsicas;<\/li>\n<li>Estar devidamente regularizada, de acordo com a lei, n\u00e3o podendo ter recebido penalidades ou condena\u00e7\u00e3o definitiva em temas correlatos ao objeto do<\/li>\n<\/ul>\n<p>&nbsp;<\/p>\n<h1>5.\u00a0\u00a0\u00a0\u00a0\u00a0 FORMA DE INSCRI\u00c7\u00c3O<\/h1>\n<p><strong>\u00a0<\/strong><\/p>\n<p>A inscri\u00e7\u00e3o de projetos \u00e9 gratuita e dever\u00e1 ser feita atrav\u00e9s do e-mail <a href=\"mailto:sustentabilidade@prudential.com\">sustentabilidade@prudential.com<\/a> at\u00e9 o per\u00edodo informado na se\u00e7\u00e3o 7, com o t\u00edtulo do projeto e a referida lei de incentivo a qual est\u00e1 cadastrado.<\/p>\n<p>As inscri\u00e7\u00f5es recebidas ap\u00f3s o prazo de encerramento, previsto na se\u00e7\u00e3o 7 ser\u00e3o automaticamente descartadas.<\/p>\n<p>&nbsp;<\/p>\n<h1>6.\u00a0\u00a0\u00a0\u00a0\u00a0 DOCUMENTA\u00c7\u00c3O OBRIGAT\u00d3RIA<\/h1>\n<p><strong>\u00a0<\/strong><\/p>\n<p>Para participar do processo de sele\u00e7\u00e3o, \u00e9 obrigat\u00f3rio o envio de todos os documentos exigidos na lista a seguir:<\/p>\n<ul>\n<li>Cart\u00e3o de CNPJ da organiza\u00e7\u00e3o;<\/li>\n<li>C\u00f3pia da Inscri\u00e7\u00e3o Municipal, CCM ou Alvar\u00e1 de Funcionamento (na sua falta, certid\u00e3o comprobat\u00f3ria de que a organiza\u00e7\u00e3o social, pelo respectivo objeto, est\u00e1 isenta de Inscri\u00e7\u00e3o Municipal);<\/li>\n<li>C\u00f3pia da Inscri\u00e7\u00e3o Estadual (se a organiza\u00e7\u00e3o obtiver receitas com vendas para sua manuten\u00e7\u00e3o);<\/li>\n<li>C\u00f3pia do Contrato ou Estatuto Social;<\/li>\n<\/ul>\n<p>&nbsp;<\/p>\n<ul>\n<li>C\u00f3pia da \u00faltima Ata de Elei\u00e7\u00e3o do(s) Representante(s) Legal(is) (complemento do Estatuto Social) \u2013 na qual conste o(s) nome(s) e CPF(s) dos representante(s) legal(is);<\/li>\n<li>C\u00f3pia das Informa\u00e7\u00f5es Patrimoniais (balan\u00e7o ou balancete com assinatura do contador ou t\u00e9cnico cont\u00e1bil ou emitido pelo SPED; declara\u00e7\u00e3o completa do imposto de renda);<\/li>\n<li>Comprovante banc\u00e1rio com os dados banc\u00e1rios completos para o CNPJ que ser\u00e1 realizada o patroc\u00ednio, caso houver;<\/li>\n<li>Declara\u00e7\u00e3o em papel timbrado informando se h\u00e1 alguma participa\u00e7\u00e3o do governo na institui\u00e7\u00e3o, seja por recebimento de verba ou doa\u00e7\u00f5es para manter o funcionamento da institui\u00e7\u00e3o. Se sim, informar o percentual de participa\u00e7\u00e3o (entre 1 e 10%, entre 11% e 30%, entre 31% e 49% e maior ou igual a 50%);<\/li>\n<li>C\u00f3pia da publica\u00e7\u00e3o da aprova\u00e7\u00e3o do projeto no Di\u00e1rio Oficial da Uni\u00e3o ou do Munic\u00edpio + c\u00f3pia da prorroga\u00e7\u00e3o do prazo de capta\u00e7\u00e3o (nos casos em que a aprova\u00e7\u00e3o tenha ocorrido em exerc\u00edcios anteriores e o prazo original tenha expirado);<\/li>\n<li>Documento oficial expedido pelo Minist\u00e9rio da Cultura, Esporte ou pelo Fundo Municipal que demonstre o montante dispon\u00edvel para a capta\u00e7\u00e3o de recursos;<\/li>\n<li>Apresenta\u00e7\u00e3o em PDF com os detalhes do projeto. Apresenta\u00e7\u00e3o montada pelo pr\u00f3prio proponente com o resumo do projeto, cotas, destaques, fotos, edi\u00e7\u00f5es anteriores<\/li>\n<\/ul>\n<p>Caso a institui\u00e7\u00e3o n\u00e3o envie toda a documenta\u00e7\u00e3o solicitada, o projeto estar\u00e1 sujeito \u00e0 desclassifica\u00e7\u00e3o.<\/p>\n<p>A Prudential do Brasil se reserva o direito de solicitar, a qualquer momento, outros documentos que julgar necess\u00e1rios para avalia\u00e7\u00e3o do projeto inscrito.<\/p>\n<p>O envio de toda a documenta\u00e7\u00e3o para an\u00e1lise da Prudential do Brasil, n\u00e3o \u00e9 garantia de patroc\u00ednio. Os projetos que atenderem aos requisitos ser\u00e3o analisados e poder\u00e3o ou n\u00e3o ser selecionados pela Prudential do Brasil para recebimento do patroc\u00ednio, sem necessidade de justificativa.<\/p>\n<p>&nbsp;<\/p>\n<p>&nbsp;<\/p>\n<p>&nbsp;<\/p>\n<h1>7.\u00a0\u00a0\u00a0\u00a0\u00a0 CRONOGRAMA<\/h1>\n<p>O processo seletivo ser\u00e1 realizado em 4 (quatro) etapas, a saber:<\/p>\n<ul>\n<li>Triagem;<\/li>\n<li>Pr\u00e9-sele\u00e7\u00e3o;<\/li>\n<li>An\u00e1lise T\u00e9cnica;<\/li>\n<li>Sele\u00e7\u00e3o e aprova\u00e7\u00e3o.<\/li>\n<\/ul>\n<p>&nbsp;<\/p>\n<h1>CALEND\u00c1RIO E PRAZOS<\/h1>\n<p><strong>\u00a0<\/strong><\/p>\n<p><strong>ETAPA\u00a0\u00a0\u00a0\u00a0\u00a0\u00a0\u00a0\u00a0\u00a0\u00a0\u00a0\u00a0\u00a0\u00a0\u00a0\u00a0\u00a0\u00a0\u00a0\u00a0\u00a0\u00a0\u00a0\u00a0\u00a0\u00a0\u00a0\u00a0\u00a0\u00a0\u00a0\u00a0\u00a0\u00a0\u00a0\u00a0\u00a0\u00a0\u00a0\u00a0\u00a0\u00a0\u00a0\u00a0\u00a0\u00a0\u00a0\u00a0\u00a0\u00a0\u00a0\u00a0\u00a0\u00a0\u00a0\u00a0 DATA<\/strong><\/p>\n<p><strong>\u00a0<\/strong><\/p>\n<table>\n<tbody>\n<tr>\n<td width=\"283\">Abertura do Processo de Inscri\u00e7\u00e3o<\/td>\n<td width=\"283\">06 de setembro de 2018<\/td>\n<\/tr>\n<tr>\n<td width=\"283\">Encerramento das inscri\u00e7\u00f5es<\/td>\n<td width=\"283\">26 de outubro de 2018<\/td>\n<\/tr>\n<tr>\n<td width=\"283\">Avalia\u00e7\u00e3o dos projetos inscritos<\/td>\n<td width=\"283\">29 de outubro a 09 de novembro de<\/p>\n<p>2018<\/td>\n<\/tr>\n<tr>\n<td width=\"283\">Divulga\u00e7\u00e3o dos projetos aprovados<\/td>\n<td width=\"283\">12 de novembro de 2018<\/td>\n<\/tr>\n<tr>\n<td width=\"283\">Comunica\u00e7\u00e3o\u00a0\u00a0\u00a0\u00a0 dos\u00a0\u00a0\u00a0\u00a0 projetos\u00a0\u00a0\u00a0\u00a0 n\u00e3o<\/p>\n<p>aprovados<\/td>\n<td width=\"283\">12 de novembro de 2018<\/td>\n<\/tr>\n<tr>\n<td width=\"283\">Repasse do recurso financeiro<\/td>\n<td width=\"283\">At\u00e9 dezembro de 2018<\/td>\n<\/tr>\n<\/tbody>\n<\/table>\n<p><strong>\u00a0<\/strong><\/p>\n<p><strong>\u00a0<\/strong><\/p>\n<p>A Prudential do Brasil realizar\u00e1 o repasse de recursos financeiros at\u00e9 a data limite de 31 de dezembro de 2018 para os projetos selecionados.<\/p>\n<p>O calend\u00e1rio poder\u00e1 ser alterado, a qualquer momento, mediante divulga\u00e7\u00e3o de errata ao presente Edital no site institucional da Prudential do Brasil e comunica\u00e7\u00e3o aos participantes inscritos.<\/p>\n<p>&nbsp;<\/p>\n<p>&nbsp;<\/p>\n<h1>8.\u00a0\u00a0\u00a0\u00a0\u00a0 CONDI\u00c7\u00d5ES GERAIS<\/h1>\n<p><strong>\u00a0<\/strong><\/p>\n<p>A Prudential do Brasil possui algumas restri\u00e7\u00f5es com rela\u00e7\u00e3o aos seus patroc\u00ednios incentivados, a saber:<\/p>\n<ul>\n<li>que n\u00e3o estejam alinhados com os valores essenciais da Prudential do Brasil;<\/li>\n<\/ul>\n<p>&nbsp;<\/p>\n<ul>\n<li>de cunho pol\u00edtico-partid\u00e1rio;<\/li>\n<li>que incentivem viol\u00eancia, uso de drogas e bebidas alco\u00f3licas;<\/li>\n<li>ligados a jogos de azar ou especulativos;<\/li>\n<li>considerados ofensivos, vulgares e\/ou discriminat\u00f3rios;<\/li>\n<li>contr\u00e1rios \u00e0s disposi\u00e7\u00f5es legais e constitucionais;<\/li>\n<li>que tenham envolvimento com trabalho an\u00e1logo ao escravo, explora\u00e7\u00e3o infantil e\/ou sexual;<\/li>\n<li>projetos n\u00e3o aprovados pelo \u00f3rg\u00e3o respons\u00e1vel;<\/li>\n<li>prejudiciais ao meio<\/li>\n<\/ul>\n<p>&nbsp;<\/p>\n<p>Ao realizar a inscri\u00e7\u00e3o, a institui\u00e7\u00e3o participante:<\/p>\n<ol>\n<li>reconhece e declara automaticamente que aceita as regras e condi\u00e7\u00f5es estabelecidas neste Edital;<\/li>\n<\/ol>\n<p>&nbsp;<\/p>\n<ol>\n<li>reconhece e declara automaticamente que aceita as decis\u00f5es da Ger\u00eancia de Marketing Institucional para dirimir quest\u00f5es omissas do presente Edital;<\/li>\n<\/ol>\n<ul>\n<li>autoriza a Prudential do Brasil a publicar e divulgar no Brasil e no exterior os conte\u00fados e as imagens dos projetos inscritos;<\/li>\n<\/ul>\n<ol>\n<li>responsabiliza-se legalmente pelos documentos e materiais apresentados; e<\/li>\n<li>responsabiliza-se pelas informa\u00e7\u00f5es prestadas como ver\u00eddicas e<\/li>\n<\/ol>\n<p>&nbsp;<\/p>\n<p>&nbsp;<\/p>\n<p>A Prudential do Brasil reserva o direito de cancelar, a qualquer tempo, os processos de patroc\u00ednio relativos a projetos envolvidos em questionamentos legais que possam impactar a sua reputa\u00e7\u00e3o, realiza\u00e7\u00e3o ou confiabilidade.<\/p>\n<p>&nbsp;<\/p>\n<p>Dentro do processo de sele\u00e7\u00e3o, os projetos ser\u00e3o submetidos \u00e0 an\u00e1lise de <em>due diligence <\/em>pela \u00e1rea de Compliance e pela \u00e1rea de Vendor Governance da Prudential do Brasil, que verificar\u00e1 o atendimento dos princ\u00edpios e pol\u00edticas da companhia e poder\u00e1 recomendar a n\u00e3o aprova\u00e7\u00e3o do projeto para fins de patroc\u00ednio.<\/p>\n<p>&nbsp;<\/p>\n<p>Ficar\u00e1 a crit\u00e9rio da Prudential do Brasil a escolha e sele\u00e7\u00e3o dos projetos, de acordo com as estrat\u00e9gias da companhia, sobre a qual n\u00e3o haver\u00e1<\/p>\n<p>&nbsp;<\/p>\n<p>obrigatoriedade de divulga\u00e7\u00e3o aos participantes, desde que os projetos escolhidos atendam aos requisitos previstos neste Edital.<\/p>\n<h1>9.\u00a0\u00a0\u00a0\u00a0\u00a0 INFORMA\u00c7\u00d5ES E D\u00daVIDAS<\/h1>\n<p><strong>\u00a0<\/strong><\/p>\n<p>Para mais informa\u00e7\u00f5es e esclarecimentos de d\u00favidas sobre o edital, entrar em contato atrav\u00e9s do e-mail para <a href=\"mailto:sustentabilidade@prudential.com\">sustentabilidade@prudential.com<\/a>.<\/p>\n","protected":false},"excerpt":{"rendered":"<p>&nbsp; &nbsp; Edital de Patroc\u00ednio de Projetos Sociais &nbsp; &nbsp; A Prudential do Brasil, por meio da \u00e1rea de Marketing Institucional, vem, tornar p\u00fablico a abertura do segundo per\u00edodo para recebimento e an\u00e1lise de propostas para patroc\u00ednio de projetos sociais. &nbsp; &nbsp; 1.\u00a0\u00a0\u00a0\u00a0\u00a0 APRESENTA\u00c7\u00c3O \u00a0 A Prudential do Brasil Seguros de Vida S.A. \u00e9 uma &hellip;<\/p>\n<p class=\"read-more\"> <a class=\"\" href=\"https:\/\/arleideincentivoaoesporte.com.br\/clone2\/edital-prudential-do-brasil\/\"> <span class=\"screen-reader-text\">Edital Prudential do Brasil<\/span> Leia mais &raquo;<\/a><\/p>\n","protected":false},"author":3,"featured_media":775,"comment_status":"open","ping_status":"open","sticky":false,"template":"","format":"standard","meta":{"site-sidebar-layout":"default","site-content-layout":"","ast-site-content-layout":"","site-content-style":"default","site-sidebar-style":"default","ast-global-header-display":"","ast-banner-title-visibility":"","ast-main-header-display":"","ast-hfb-above-header-display":"","ast-hfb-below-header-display":"","ast-hfb-mobile-header-display":"","site-post-title":"","ast-breadcrumbs-content":"","ast-featured-img":"","footer-sml-layout":"","theme-transparent-header-meta":"","adv-header-id-meta":"","stick-header-meta":"","header-above-stick-meta":"","header-main-stick-meta":"","header-below-stick-meta":"","astra-migrate-meta-layouts":"","footnotes":""},"categories":[1],"tags":[],"_links":{"self":[{"href":"https:\/\/arleideincentivoaoesporte.com.br\/clone2\/wp-json\/wp\/v2\/posts\/774"}],"collection":[{"href":"https:\/\/arleideincentivoaoesporte.com.br\/clone2\/wp-json\/wp\/v2\/posts"}],"about":[{"href":"https:\/\/arleideincentivoaoesporte.com.br\/clone2\/wp-json\/wp\/v2\/types\/post"}],"author":[{"embeddable":true,"href":"https:\/\/arleideincentivoaoesporte.com.br\/clone2\/wp-json\/wp\/v2\/users\/3"}],"replies":[{"embeddable":true,"href":"https:\/\/arleideincentivoaoesporte.com.br\/clone2\/wp-json\/wp\/v2\/comments?post=774"}],"version-history":[{"count":0,"href":"https:\/\/arleideincentivoaoesporte.com.br\/clone2\/wp-json\/wp\/v2\/posts\/774\/revisions"}],"wp:featuredmedia":[{"embeddable":true,"href":"https:\/\/arleideincentivoaoesporte.com.br\/clone2\/wp-json\/"}],"wp:attachment":[{"href":"https:\/\/arleideincentivoaoesporte.com.br\/clone2\/wp-json\/wp\/v2\/media?parent=774"}],"wp:term":[{"taxonomy":"category","embeddable":true,"href":"https:\/\/arleideincentivoaoesporte.com.br\/clone2\/wp-json\/wp\/v2\/categories?post=774"},{"taxonomy":"post_tag","embeddable":true,"href":"https:\/\/arleideincentivoaoesporte.com.br\/clone2\/wp-json\/wp\/v2\/tags?post=774"}],"curies":[{"name":"wp","href":"https:\/\/api.w.org\/{rel}","templated":true}]}}