{"id":793,"date":"2018-10-30T17:15:05","date_gmt":"2018-10-30T19:15:05","guid":{"rendered":"https:\/\/homol.arleideincentivoaoesporte.com.br\/2018\/10\/30\/edital-smart-fit-2018\/"},"modified":"2018-10-30T17:15:05","modified_gmt":"2018-10-30T19:15:05","slug":"edital-smart-fit-2018","status":"publish","type":"post","link":"https:\/\/arleideincentivoaoesporte.com.br\/clone2\/edital-smart-fit-2018\/","title":{"rendered":"Edital Smart Fit 2018"},"content":{"rendered":"<p>REGULAMENTO<\/p>\n<p>DOS PROJETOS<\/p>\n<p>Ser\u00e3o aceitos projetos apresentados por institui\u00e7\u00f5es p\u00fablicas ou por organiza\u00e7\u00f5es com ou sem fins lucrativos \u2013 desde que as a\u00e7\u00f5es propostas pelos projetos sejam compat\u00edveis com seus fins sociais e estatut\u00e1rios \u2013 e que tenham sido aprovados para captar recursos incentivados pelas leis:<\/p>\n<ol>\n<li>Lei Federal de Incentivo \u00e0 Cultura (Lei Rouanet);<\/li>\n<li>Lei Federal de Incentivo ao Esporte;<\/li>\n<li>Lei Federal de Incentivo ao Audiovisual;<\/li>\n<li>Fundo Nacional do Idoso;<\/li>\n<li>Lei Federal de Incentivo a Pessoa com Defici\u00eancia (PRONAS);<\/li>\n<li>Fundos da Inf\u00e2ncia e Adolesc\u00eancia;<\/li>\n<li>Lei de Incentivo a Cultura do Munic\u00edpio do Rio de Janeiro;<\/li>\n<li>Lei de Incentivo a Cultura do Munic\u00edpio do Belo Horizonte;<\/li>\n<\/ol>\n<h6><a href=\"http:\/\/arleideincentivoaoesporte.local\/consultoria-gratis\/\" target=\"_blank\" rel=\"noopener\">Fa\u00e7a uma consultoria gr\u00e1tis<\/a><\/h6>\n<p>As a\u00e7\u00f5es dos projetos dever\u00e3o ter como foco ao menos uma das linhas de atua\u00e7\u00e3o descritas na tabela abaixo:<\/p>\n<p>&nbsp;<\/p>\n<table style=\"height: 734px;\" width=\"639\">\n<tbody>\n<tr>\n<td width=\"84\"><strong>Eixo<\/strong><\/td>\n<td width=\"151\"><strong>Linha de Atua\u00e7\u00e3o<\/strong><\/td>\n<td width=\"905\"><strong>Escopo<\/strong><\/td>\n<\/tr>\n<tr>\n<td rowspan=\"3\" width=\"84\">Acesso<\/td>\n<td width=\"151\">Cidades Smart<\/td>\n<td width=\"905\">Eventos e \/ou projetos de qualifica\u00e7\u00e3o e ocupa\u00e7\u00e3o dos espa\u00e7os p\u00fablicos para o desenvolvimento de atividades f\u00edsicas com foco na sa\u00fade e qualidade de vida.<\/td>\n<\/tr>\n<tr>\n<td width=\"151\">Tribos Smart<\/td>\n<td width=\"905\">Projetos e a\u00e7\u00f5es voltadas para a dissemina\u00e7\u00e3o de pr\u00e1ticas regulares de atividade f\u00edsica junto a grupos, categorias profissionais, segmentos ou identidades tradicionalmente pouco sens\u00edveis a essas pr\u00e1ticas.<\/td>\n<\/tr>\n<tr>\n<td width=\"151\">Smart Para Todos<\/td>\n<td width=\"905\">Projetos e a\u00e7\u00f5es voltadas para a dissemina\u00e7\u00e3o de pr\u00e1ticas de atividade f\u00edsica junto a grupos sociais, popula\u00e7\u00f5es e territ\u00f3rios vulner\u00e1veis e sujeitos a maior priva\u00e7\u00e3o de direitos.<\/td>\n<\/tr>\n<tr>\n<td rowspan=\"3\" width=\"84\">Integra\u00e7\u00e3o<\/td>\n<td width=\"151\">Pegada Smart<\/td>\n<td width=\"905\">Projetos que n\u00e3o tem foco principal na promo\u00e7\u00e3o de atividades f\u00edsicas, mas que incorporam a\u00e7\u00f5es dessa natureza \u00e0s suas atividades.<\/td>\n<\/tr>\n<tr>\n<td width=\"151\">Escola Smart<\/td>\n<td width=\"905\">Projetos de esporte educacional que desenvolvem atividades f\u00edsicas com foco na qualidade de vida, sa\u00fade, longevidade e preven\u00e7\u00e3o.<\/td>\n<\/tr>\n<tr>\n<td width=\"151\">Smart Toda a Vida<\/td>\n<td width=\"905\">Projetos e a\u00e7\u00f5es voltadas para a promo\u00e7\u00e3o de atividade f\u00edsica com foco na qualidade de vida, sa\u00fade, longevidade e preven\u00e7\u00e3o junto a terceira idade.<\/td>\n<\/tr>\n<tr>\n<td width=\"84\">Inova\u00e7\u00e3o<\/td>\n<td width=\"151\">Conex\u00f5es Smart<\/td>\n<td width=\"905\">Projetos e a\u00e7\u00f5es voltadas para pr\u00e1ticas inovadoras de atividade f\u00edsica com foco na sa\u00fade e qualidade de vida.<\/td>\n<\/tr>\n<tr>\n<td rowspan=\"2\" width=\"84\">Difus\u00e3o<\/td>\n<td width=\"151\">Smart Para Sempre<\/td>\n<td width=\"905\">Projetos, eventos ou iniciativas de difus\u00e3o da cultura de atividade f\u00edsica com foco na sa\u00fade e qualidade de vida.<\/td>\n<\/tr>\n<tr>\n<td width=\"151\">Documenta Smart<\/td>\n<td width=\"905\">Projetos focados no registro e divulga\u00e7\u00e3o de uma cultura da atividade f\u00edsica com foco na sa\u00fade e qualidade de vida.<\/td>\n<\/tr>\n<\/tbody>\n<\/table>\n<h6><a href=\"http:\/\/arleideincentivoaoesporte.local\/simulador\/\" target=\"_blank\" rel=\"noopener\">Simule seu projeto<\/a><\/h6>\n<p>Aten\u00e7\u00e3o: projetos que preveem a\u00e7\u00f5es de atendimento direto \u00e0 popula\u00e7\u00e3o, dever\u00e3o focalizar prioritariamente territ\u00f3rios da cidade do Rio de Janeiro, Belo Horizonte e Fortaleza, do Distrito Federal ou as cidades de m\u00e9dio e grande porte do Estado de S\u00e3o Paulo.<\/p>\n<p>Os projetos inscritos tamb\u00e9m dever\u00e3o contemplar a\u00e7\u00f5es que focalizem pelo menos um dos seguintes p\u00fablicos:<\/p>\n<ul>\n<li>Jovens (16 a 29 anos);<\/li>\n<li>Popula\u00e7\u00f5es vulner\u00e1veis e sujeitas a maior grau de exclus\u00e3o;<\/li>\n<li>Grupos sociais (tribos urbanas) pouco sens\u00edveis \u00e0s pr\u00e1ticas de atividade f\u00edsica regular;<\/li>\n<li>Idosos.<\/li>\n<\/ul>\n<p>Em casos de empate t\u00e9cnico ser\u00e3o priorizados projetos que proponham a\u00e7\u00f5es em territ\u00f3rios:<\/p>\n<ol>\n<li>De maior adensamento urbano;<\/li>\n<li>Com presen\u00e7a de academias da Smart Fit.<\/li>\n<\/ol>\n<h6><a href=\"http:\/\/arleideincentivoaoesporte.local\/curso-de-lei-de-incentivo-so-esporte\/\" target=\"_blank\" rel=\"noopener\">Amplie seus conhecimentos com nosso curso de Lei de Incentivo ao Esporte<\/a><\/h6>\n<p>DOS EIXOS ESTRAT\u00c9GICOS E LINHAS DE ATUA\u00c7\u00c3O<\/p>\n<p>Eixo Acesso\u2013 como ampliar escolhas inteligentes: Considerando as barreiras f\u00edsicas, econ\u00f4micas e sociais existentes para a pr\u00e1tica da atividade f\u00edsica, este eixo apoia iniciativas que democratizam o acesso e ampliam as oportunidades de escolhas individuais e coletivas. Neste eixo, \u00e9 trabalhada a integra\u00e7\u00e3o da atividade f\u00edsica no dia a dia e nos espa\u00e7os p\u00fablicos, com prioridade para grupos vulner\u00e1veis e sujeitos a restri\u00e7\u00f5es. Suas linhas de atua\u00e7\u00e3o s\u00e3o:<\/p>\n<ul>\n<li>Cidades Smart: eventos e\/ou projetos de qualifica\u00e7\u00e3o e ocupa\u00e7\u00e3o dos espa\u00e7os p\u00fablicos para o desenvolvimento de atividades f\u00edsicas com foco na sa\u00fade e qualidade de vida.<\/li>\n<\/ul>\n<p>Exemplos: projetos de implanta\u00e7\u00e3o de equipamentos para condicionamento f\u00edsico em pra\u00e7as e outros espa\u00e7os p\u00fablicos; projetos de promo\u00e7\u00e3o de cursos e oficinas de condicionamento f\u00edsico; projetos que trabalham atividades de calistenia em espa\u00e7os p\u00fablicos e acesso gratuito, projetos que trabalham o conceito de crossfitness em espa\u00e7os p\u00fablicos; etc.<\/p>\n<ul>\n<li>Tribos Smart: projetos e a\u00e7\u00f5es voltadas para a dissemina\u00e7\u00e3o de pr\u00e1ticas regulares de atividade f\u00edsica junto a grupos, categorias profissionais, segmentos ou identidades tradicionalmente pouco sens\u00edveis a essas pr\u00e1ticas.<\/li>\n<\/ul>\n<p>Exemplos: projetos que promovem praticas regulares de condicionamento f\u00edsico junto a jogadores de xadrez, bo\u00eamios, costureiras, gar\u00e7ons, etc.;<\/p>\n<ul>\n<li>Smart Para Todos: projetos e a\u00e7\u00f5es voltadas para a dissemina\u00e7\u00e3o de pr\u00e1ticas de atividade f\u00edsica junto a grupos sociais, popula\u00e7\u00f5es e territ\u00f3rios vulner\u00e1veis e sujeitos a maior priva\u00e7\u00e3o de direitos.<\/li>\n<\/ul>\n<p>Exemplos: projetos que promovem pr\u00e1ticas regulares de atividade f\u00edsica com foco na sa\u00fade e qualidade de vida em regi\u00f5es de periferia com car\u00eancia de equipamentos para esses fins; junto a popula\u00e7\u00f5es marginalizadas como moradores de rua; junto a jovens que cumprem medidas socioeducativas; junto a popula\u00e7\u00e3o carcer\u00e1ria; etc<\/p>\n<p>Eixo Integra\u00e7\u00e3o \u2013 como multiplicar as escolhas inteligentes: Neste eixo s\u00e3o consideradas as oportunidades de integra\u00e7\u00e3o entre diferentes pautas e direitos com valores e pr\u00e1ticas de atividade f\u00edsica com foco na sa\u00fade e qualidade de vida. Suas linhas de atua\u00e7\u00e3o s\u00e3o:<\/p>\n<ul>\n<li>Pegada Smart: projetos sociais, esportivos, educacionais, ambientais e culturais que n\u00e3o tem foco na promo\u00e7\u00e3o de atividades f\u00edsicas, mas que podem incorporar a\u00e7\u00f5es e metas relacionadas a atividade f\u00edsica com foco na sa\u00fade e qualidade de vida.<\/li>\n<\/ul>\n<p>Exemplos: projetos culturais que podem incorporar pr\u00e1ticas de atividade f\u00edsica utilizando equipamentos de Microgym; projetos educativos que podem incorporar objetivos espec\u00edficos e\/ou a\u00e7\u00f5es voltadas para pr\u00e1ticas de atividade f\u00edsica com foco na sa\u00fade e qualidade de vida; projetos ambientais que usam materiais reciclados para construir equipamentos de condicionamento f\u00edsico e\/ou modelar espa\u00e7os p\u00fablicos para a pr\u00e1tica de atividade f\u00edsica; etc.<\/p>\n<ul>\n<li>Escola Smart: projetos de esporte educacional que desenvolvem atividades f\u00edsicas com foco na qualidade de vida, sa\u00fade, longevidade e preven\u00e7\u00e3o.<\/li>\n<\/ul>\n<p>Exemplos: projetos que integrem a pr\u00e1tica de atividade f\u00edsica entre a popula\u00e7\u00e3o escolar e a melhoria dos equipamentos escolares de esporte educacional; projetos de qualifica\u00e7\u00e3o da rede de professores de educa\u00e7\u00e3o f\u00edsica; etc.<\/p>\n<ul>\n<li>Smart Toda a Vida: projetos e a\u00e7\u00f5es voltadas para a promo\u00e7\u00e3o de atividade f\u00edsica com foco na sa\u00fade e qualidade de vida junto a terceira idade.<\/li>\n<\/ul>\n<p>Exemplos: projetos que promovem a intera\u00e7\u00e3o entre a popula\u00e7\u00e3o idosa dos territ\u00f3rios e focalizam a promo\u00e7\u00e3o de atividade f\u00edsica junto a terceira idade; etc<\/p>\n<p>Eixo Inova\u00e7\u00e3o \u2013 como criar novas escolhas inteligentes: Neste eixo s\u00e3o apoiados processos que integram pessoas, tecnologias e conhecimentos em torno de pr\u00e1ticas inovadoras de atividade f\u00edsica com foco na sa\u00fade e qualidade de vida. Suas linhas de atua\u00e7\u00e3o s\u00e3o:<\/p>\n<ul>\n<li>Conex\u00f5es Smart: projetos e a\u00e7\u00f5es voltadas para pr\u00e1ticas inovadoras de atividade f\u00edsica com foco na sa\u00fade e qualidade de vida.<\/li>\n<\/ul>\n<p>Exemplos: projetos que conectam novas tecnologias e atividade f\u00edsica com foco na sa\u00fade e qualidade de vida; projetos que conectam pessoas, espa\u00e7os e tecnologias para construir \u201ccomunidades de pr\u00e1ticas\u201d voltadas para a atividade f\u00edsica com foco na sa\u00fade e qualidade de vida etc.<\/p>\n<p>Eixo difus\u00e3o \u2013 como consolidar as escolhas inteligentes: Neste eixo, \u00e9 apoiada a realiza\u00e7\u00e3o de estudos e a constru\u00e7\u00e3o e dissemina\u00e7\u00e3o de conhecimentos sobre valores e pr\u00e1ticas de atividade f\u00edsica com foco na sa\u00fade e qualidade de vida.<\/p>\n<ul>\n<li>Smart Para Sempre: projetos, eventos ou iniciativas de difus\u00e3o da cultura de atividade f\u00edsica com foco na qualidade de vida, sa\u00fade, longevidade e preven\u00e7\u00e3o;<\/li>\n<\/ul>\n<p>Exemplos: projetos de cria\u00e7\u00e3o e fortalecimento de Redes voltadas para a difus\u00e3o da atividade f\u00edsica com foco na sa\u00fade e qualidade de vida; projetos de pesquisa voltado para a amplia\u00e7\u00e3o dos conhecimentos sobre as rela\u00e7\u00f5es entre atividade f\u00edsica, sa\u00fade e qualidade de vida; etc.<\/p>\n<ul>\n<li>Smart Documenta: projetos focados no registro e divulga\u00e7\u00e3o de uma cultura da atividade f\u00edsica com foco na sa\u00fade e qualidade de vida.<\/li>\n<\/ul>\n<p>Exemplos: publica\u00e7\u00f5es, document\u00e1rios, filmes, etc., que relatem o impacto da pr\u00e1tica regular de atividades f\u00edsicas na vida das pessoas, e suas rela\u00e7\u00f5es com sa\u00fade e qualidade de vida.<\/p>\n<p>DOS P\u00daBLICOS E TERRIT\u00d3RIOS PRIORIT\u00c1RIOS<\/p>\n<p>Verifique tamb\u00e9m com qual (ais) p\u00fablicos e\/ou territ\u00f3rios priorit\u00e1rios seu projeto interage. N\u00e3o se esque\u00e7a que o alinhamento com pelo menos um desses itens \u00e9 obrigat\u00f3rio para a aprova\u00e7\u00e3o do seu projeto.<\/p>\n<ul>\n<li>Jovens;<\/li>\n<li>Popula\u00e7\u00f5es vulner\u00e1veis e sujeitas a maior grau de exclus\u00e3o;<\/li>\n<li>Grupos sociais (tribos urbanas) pouco sens\u00edveis \u00e0s pr\u00e1ticas de atividade f\u00edsica regular;<\/li>\n<li>Idosos;<\/li>\n<li>Regi\u00f5es de adensamento urbano;<\/li>\n<li>Comunidades do entorno das academias da Smart Fit.<\/li>\n<\/ul>\n<p>DAS MODALIDADES<\/p>\n<p>Projetos de Atendimento Continuado: projetos com cronograma de atividades de 12 meses com promo\u00e7\u00e3o de atendimento cont\u00ednuo e acompanhamento direto dos participantes e dos resultados das a\u00e7\u00f5es que ser\u00e3o desenvolvidas. Nessa categoria enquadram-se projetos que oferecem pr\u00e1ticas regulares de atividades f\u00edsicas para grupos de participantes, projetos que desenvolvem atividades de educa\u00e7\u00e3o complementar para crian\u00e7as e adolescentes, tendo o esporte como estrat\u00e9gia educativa e est\u00edmulo para perman\u00eancia na escola, projetos que focalizam a atividade f\u00edsica junto a terceira idade, dentre outros. Podem ser projetos sociais, esportivos ou culturais.<\/p>\n<p>Projetos de Produ\u00e7\u00e3o Espec\u00edfica: projetos que objetivam resultados que n\u00e3o necessitam da mobiliza\u00e7\u00e3o cont\u00ednua nem do acompanhamento permanente de grupos de participantes. Nessa categoria enquadram-se projetos de produ\u00e7\u00e3o cultural (filmes, publica\u00e7\u00f5es, espet\u00e1culos etc.), propostas de realiza\u00e7\u00e3o de oficinas de condicionamento f\u00edsico, projetos que objetivam ofertar equipamento para pr\u00e1tica de atividade f\u00edsica em espa\u00e7os p\u00fablicos, projetos que produzem equipamentos para condicionamento f\u00edsico utilizando materiais reciclados ou projetos que desenvolvem tecnologias voltadas a pr\u00e1tica de atividades f\u00edsicas, dentre outros. Nesta modalidade podem ser enquadrados tanto projetos culturais, como sociais ou esportivos.<\/p>\n<p>Poder\u00e3o ser inscritos projetos que solicitem at\u00e9 o valor m\u00e1ximo indicado abaixo, obedecendo os percentuais m\u00ednimos de capta\u00e7\u00e3o em rela\u00e7\u00e3o ao valor total do projeto (conforme a lei de Incentivo utilizada)<\/p>\n<p>Obs.: nos casos de empate t\u00e9cnico ser\u00e3o priorizados os projetos de menor valor.<\/p>\n<table style=\"height: 920px;\" width=\"641\">\n<tbody>\n<tr>\n<td width=\"169\"><strong>Lei<\/strong><\/td>\n<td width=\"170\"><strong>Valor M\u00e1ximo disponibilizado pela Smart Fit<\/strong><\/td>\n<td width=\"304\"><strong>Capta\u00e7\u00e3o M\u00ednima: percentual obtido pela soma do valor solicitado a Smart Fit nesse Edital com outros valores j\u00e1 captados<\/strong><\/td>\n<\/tr>\n<tr>\n<td width=\"169\">FIA-SP<\/td>\n<td width=\"170\">R$ 25.000,00<\/td>\n<td width=\"304\">70%<\/td>\n<\/tr>\n<tr>\n<td width=\"169\">Lei Federal de Incentivo ao Esporte<\/td>\n<td width=\"170\">R$ 25.000,00<\/td>\n<td width=\"304\">70%<\/td>\n<\/tr>\n<tr>\n<td width=\"169\">Fundo Nacional do Idoso<\/td>\n<td width=\"170\">R$ 25.000,00<\/td>\n<td width=\"304\">70%<\/td>\n<\/tr>\n<tr>\n<td width=\"169\">Lei Federal de Incentivo a Pessoa com Defici\u00eancia (PRONAS)<\/td>\n<td width=\"170\">R$ 25.000,00<\/td>\n<td width=\"304\">70%<\/td>\n<\/tr>\n<tr>\n<td width=\"169\">Lei Federal de Incentivo \u00e0 Cultura (Lei Rouanet)<\/td>\n<td width=\"170\">R$ 100.000,00<\/td>\n<td width=\"304\">50%<\/td>\n<\/tr>\n<tr>\n<td width=\"169\">Lei Federal de Incentivo ao Audiovisual<\/td>\n<td width=\"170\">R$ 100.000,00<\/td>\n<td width=\"304\">50%<\/td>\n<\/tr>\n<tr>\n<td width=\"169\">Lei Municipal de Incentivo \u00e0 Cultura RJ<\/td>\n<td width=\"170\">R$ 400.000,00<\/td>\n<td width=\"304\">50%<\/td>\n<\/tr>\n<tr>\n<td width=\"169\">Lei Municipal de Incentivo a Cultura de BH<\/td>\n<td width=\"170\">R$ 240.000,00<\/td>\n<td width=\"304\">50%<\/td>\n<\/tr>\n<\/tbody>\n<\/table>\n<p>&nbsp;<\/p>\n<ul>\n<li>Fica resguardado o direito da Smart Fit, a qualquer momento, alterar esses valores e percentuais, bem como o valor total do Edital Smart Fit, face a revis\u00f5es or\u00e7ament\u00e1rias decorrentes de altera\u00e7\u00e3o das estimativas dos recursos dispon\u00edveis para incentivo fiscal, ou por decis\u00f5es gerenciais que alterem as diretrizes estrat\u00e9gicas da empresa.<\/li>\n<\/ul>\n<p>DA INSCRI\u00c7\u00c3O<\/p>\n<p>A inscri\u00e7\u00e3o \u00e9 gratuita e dever\u00e1 ser feita em nome da institui\u00e7\u00e3o proponente, conforme formul\u00e1rio on line que ser\u00e1 acessado ap\u00f3s o cadastramento do representante legal da institui\u00e7\u00e3o com abertura de login e emiss\u00e3o de senha de acesso no seguinte endere\u00e7o eletr\u00f4nico: www.editalsmartfit.com.br<\/p>\n<p>Cada institui\u00e7\u00e3o poder\u00e1 inscrever um n\u00famero ilimitado de projetos, sem restri\u00e7\u00e3o quando ao n\u00famero de aprova\u00e7\u00f5es. No entanto, a comiss\u00e3o de sele\u00e7\u00e3o reserva-se no direito de aplicar crit\u00e9rios de equidade nos casos em que uma mesma institui\u00e7\u00e3o tiver mais que dois projetos inscritos, de forma a manter a igualdade de oportunidades entre as organiza\u00e7\u00f5es proponentes<\/p>\n<p>Os projetos dever\u00e3o ser elaborados de acordo com o \u201cRoteiro de Elabora\u00e7\u00e3o de Projetos de Atendimento Continuado\u201d ou segundo o \u201cRoteiro de Elabora\u00e7\u00e3o de Projetos de Produ\u00e7\u00e3o Espec\u00edfica\u201d ambos os modelos dispon\u00edveis para consulta na home page deste site, a inser\u00e7\u00e3o ser\u00e1 feita mediante o \u201cFormul\u00e1rio para Apresenta\u00e7\u00e3o de Projetos\u201d que integra o sistema on line de inscri\u00e7\u00e3o e cadastramento dos proponentes.<\/p>\n<p>Os projetos apresentados dever\u00e3o estar acompanhados dos seguintes documentos (documentos obrigat\u00f3rios sem os quais o projeto ser\u00e1 automaticamente eliminado):<\/p>\n<ul>\n<li>Documento que comprove a aptid\u00e3o para captar recursos pela(s) Lei(s) de Incentivo utilizada(s);<\/li>\n<li>Documentos que comprovem os recursos declarados como j\u00e1 captados;<\/li>\n<li>Curr\u00edculo resumido do coordenador do projeto.<\/li>\n<\/ul>\n<p>Al\u00e9m dos documentos obrigat\u00f3rios, os projetos poder\u00e3o anexar outros documentos que considerem \u00fateis ou necess\u00e1rios (documentos facultativos) como, por exemplo, a inclus\u00e3o de Planilhas com o detalhamento do or\u00e7amento f\u00edsico-financeiro, ou outros que julgue pertinente.<\/p>\n<p>Aten\u00e7\u00e3o: N\u00e3o ser\u00e3o aceitas as inscri\u00e7\u00f5es que n\u00e3o atendam aos requisitos deste Regulamento, e o ato de inscri\u00e7\u00e3o pressup\u00f5e plena concord\u00e2ncia com os seus termos.<\/p>\n<p>SOBRE OS RESPONS\u00c1VEIS<\/p>\n<p>Dever\u00e3o ser fornecidos os dados completos do respons\u00e1vel legal e da institui\u00e7\u00e3o proponente conforme solicitado no ambiente on line de inscri\u00e7\u00e3o e descrito abaixo:<\/p>\n<p>Respons\u00e1vel Legal<\/p>\n<p>Membro da Institui\u00e7\u00e3o proponente que responde perante a Smart Fit pelo cumprimento e qualidade t\u00e9cnica das atividades previstas no projeto, devendo estar apto a esclarecer seu conte\u00fado e a supervisionar seu desenvolvimento, articulando os diversos colaboradores. As informa\u00e7\u00f5es exigidas ser\u00e3o:<\/p>\n<ul>\n<li>Nome;<\/li>\n<li>Inscri\u00e7\u00e3o no CPF;<\/li>\n<li>Telefone;<\/li>\n<li>Endere\u00e7o;<\/li>\n<li>E-mail;<\/li>\n<\/ul>\n<p>Institui\u00e7\u00e3o proponente<\/p>\n<p>Institui\u00e7\u00e3o publica ou privada regularmente constitu\u00edda e certificada por lei de incentivo para captar recursos e executar o projeto inscrito. As informa\u00e7\u00f5es exigidas ser\u00e3o:<\/p>\n<ul>\n<li>Nome;<\/li>\n<li>Inscri\u00e7\u00e3o no CNPJ;<\/li>\n<li>Telefone;<\/li>\n<li>Endere\u00e7o;<\/li>\n<li>Breve Hist\u00f3rico da Institui\u00e7\u00e3o<\/li>\n<\/ul>\n<p>SOBRE OS PROJETOS<\/p>\n<p>No ato de inscri\u00e7\u00e3o, toda ela efetuada on line, dever\u00e3o ser informados os dados do projeto e anexados os documentos obrigat\u00f3rios, conforme a natureza da organiza\u00e7\u00e3o proponente, do projeto e da lei de incentivo na qual se obteve certifica\u00e7\u00e3o para capta\u00e7\u00e3o de recursos.<\/p>\n<ul>\n<li>As informa\u00e7\u00f5es exigidas no formul\u00e1rio do projeto s\u00e3o<\/li>\n<li>Nome do Projeto;<\/li>\n<li>Objetivo do Projeto;<\/li>\n<li>Local de Realiza\u00e7\u00e3o;<\/li>\n<li>Lei de Incentivo Utilizada;<\/li>\n<li>Valor Aprovado para Capta\u00e7\u00e3o;<\/li>\n<li>Valor Solicitado;<\/li>\n<li>Valor Total;<\/li>\n<li>Valor j\u00e1 captado;<\/li>\n<li>P\u00fablico do Projeto;<\/li>\n<li>Eixo Tem\u00e1tico e Linha(s) de Atua\u00e7\u00e3o;<\/li>\n<li>Banco de Projetos Casa Smart Fit.<\/li>\n<\/ul>\n<p>Ap\u00f3s a inser\u00e7\u00e3o desses dados \u00e9 aberto um campo para se anexar os arquivos obrigat\u00f3rios, segundo a natureza dos projetos, das organiza\u00e7\u00f5es proponentes e das leis de incentivo, conforme indicado na se\u00e7\u00e3o acima (INSCRI\u00c7\u00c3O)<\/p>\n<p>SELE\u00c7\u00c3O DOS PROJETOS<\/p>\n<p>Os projetos passar\u00e3o por uma processo seletivo integrado por ~;avaliadores externos e gestores da Smart Fit que ir\u00e3o conferir a regularidade formal do processo de inscri\u00e7\u00e3o (triagem administrativa) e avaliar o alinhamento dos projetos com o conceito, diretrizes, proposta e linhas de a\u00e7\u00e3o do Programa de Investimentos Sociais da Smart Fit (avalia\u00e7\u00e3o t\u00e9cnica).<\/p>\n<p>Na triagem administrativa ser\u00e1 verificada a conformidade do ato de inscri\u00e7\u00e3o, se os dados foram preenchidos corretamente e se h\u00e1 alinhamento \u00e0s diretrizes e linhas de atua\u00e7\u00e3o do Programa de Investimentos Sociais da Smart Fit (Crit\u00e9rio Eliminat\u00f3rio), considerando:<\/p>\n<ol>\n<li>Lei de Incentivo utilizada;<\/li>\n<li>Valor solicitado;<\/li>\n<li>P\u00fablico do projeto;<\/li>\n<li>Eixo tem\u00e1tico e linha de atua\u00e7\u00e3o.<\/li>\n<\/ol>\n<p>Na avalia\u00e7\u00e3o t\u00e9cnica ser\u00e3o analisados os atributos t\u00e9cnicos do projeto, considerando:<\/p>\n<ol>\n<li>Hist\u00f3rico da organiza\u00e7\u00e3o;<\/li>\n<li>Caracteriza\u00e7\u00e3o do contexto;<\/li>\n<li>Organiza\u00e7\u00e3o l\u00f3gica;<\/li>\n<li>Estrat\u00e9gia e equipe;<\/li>\n<li>Sustentabilidade;<\/li>\n<li>Adequa\u00e7\u00e3o or\u00e7ament\u00e1ria.<\/li>\n<\/ol>\n<p>Os t\u00e9cnicos avaliadores dever\u00e3o conferir notas de 1 (um) a 4 (quatro) referentes a cada um desses crit\u00e9rios (ruim (1), regular (2), bom (3), excelente (4).<\/p>\n<p>Os projetos ser\u00e3o classificados segundo a soma dos pontos recebidos, e valorizando o menor valor e a abrang\u00eancia geogr\u00e1fica como crit\u00e9rios de desempate.<\/p>\n<p>REPASSE DE RECUROS E FORMALIZA\u00c7\u00c3O DO APOIO<\/p>\n<p>Ser\u00e1 firmado um Termo de Compromisso e Acompanhamento entre a Smart Fit e a institui\u00e7\u00e3o selecionada, pelo qual a Smart Fit se compromete a fazer o repasse do recurso aprovado, e a institui\u00e7\u00e3o executora se compromete a executar o projeto no prazo definido em seu cronograma de trabalho e a emitir 3 (tr\u00eas) Relat\u00f3rios de Monitoramento (a cada quatro meses de execu\u00e7\u00e3o), informando sobre os participantes do projeto, a execu\u00e7\u00e3o das a\u00e7\u00f5es previstas e a execu\u00e7\u00e3o do plano de comunica\u00e7\u00e3o. Os relat\u00f3rios ser\u00e3o emitidos atrav\u00e9s de sistema digital on line mediante loguin e senha fornecidos pela Smart Fit. Al\u00e9m disso, a institui\u00e7\u00e3o executora tamb\u00e9m dever\u00e1 se comprometer em fornecer informa\u00e7\u00f5es e materiais para a divulga\u00e7\u00e3o dos resultados do projeto sempre que solicitado pela Smart Fit.<\/p>\n<p>A institui\u00e7\u00e3o selecionada ser\u00e1 contatada pela Smart Fit e ter\u00e1 um prazo de 10 dias, a contar da data da divulga\u00e7\u00e3o dos resultados, para apresentar a c\u00f3pia dos seguintes documentos:<\/p>\n<ul>\n<li>Estatuto Social (quando a proponente for uma organiza\u00e7\u00f5es sem fins lucrativos);<\/li>\n<li>Ata de elei\u00e7\u00e3o e posse da atual diretoria;<\/li>\n<li>Contrato Social (quando a proponente for uma empresa com fins lucrativos);<\/li>\n<li>Publica\u00e7\u00e3o do ato de nomea\u00e7\u00e3o do representante legal (no caso de institui\u00e7\u00e3o do poder p\u00fablico);<\/li>\n<li>Comprovante de CNPJ;<\/li>\n<li>Carteira de Identidade e CPF do representante legal da institui\u00e7\u00e3o.<\/li>\n<\/ul>\n<p>A n\u00e3o apresenta\u00e7\u00e3o de qualquer um destes documentos dentro do prazo acima estabelecido, e\/ou qualquer desconformidade na documenta\u00e7\u00e3o solicitada, desobriga a Smart Fit e ensejar\u00e1 a substitui\u00e7\u00e3o do projeto pelo seguinte na ordem de pontua\u00e7\u00e3o dos avaliados.<\/p>\n<p>Os projetos poder\u00e3o obter apoio complementar de outras entidades ou empresas, via recursos incentivados ou n\u00e3o incentivados.<\/p>\n<p>Os direitos autorais relativos a estudos, relat\u00f3rios, v\u00eddeos e outros produtos intelectuais afins ao projeto e nele utilizados ser\u00e3o considerados propriedade dos autores.<\/p>\n<p>A Smart Fit reserva-se o direito de utilizar essas obras, no todo ou em parte, na divulga\u00e7\u00e3o do seu Programa de Investimento Social e de seus editais, ou na dissemina\u00e7\u00e3o de tecnologias sociais empregadas no projeto, respeitadas as disposi\u00e7\u00f5es referentes aos direitos de autor.<\/p>\n<p>Os recursos aprovados ser\u00e3o desembolsados de acordo com o previsto na lei de incentivo vinculada ao projeto.<\/p>\n<p>PLANO DE COMUNICA\u00c7\u00c3O<\/p>\n<p>O projeto dever\u00e1 prever recursos e descrever as a\u00e7\u00f5es de comunica\u00e7\u00e3o que visem \u00e0 promo\u00e7\u00e3o de seus princ\u00edpios, m\u00e9todos e \u00eaxitos junto aos seus p\u00fablicos espec\u00edficos, selecionados de acordo com a natureza do projeto e de suas a\u00e7\u00f5es.<\/p>\n<p>Resguardadas eventuais limita\u00e7\u00f5es legais, a Smart Fit dever\u00e1 ser citada como patrocinadora em todas as pe\u00e7as de divulga\u00e7\u00e3o, inclu\u00eddas as de natureza t\u00e9cnica. Sua logomarca dever\u00e1 ser afixada de forma padronizada e definida pela empresa em todas as pe\u00e7as, independentemente do meio, formato e suporte utilizados e cuja reprodu\u00e7\u00e3o s\u00f3 estar\u00e1 autorizada ap\u00f3s aprova\u00e7\u00e3o pela \u00e1rea de marketing da Smart Fit.<\/p>\n<p>A Smart Fit reserva-se o direito de utilizar, quando julgar oportuno, produtos, imagens, fotos e v\u00eddeos dos integrantes e a\u00e7\u00f5es do projeto em suas a\u00e7\u00f5es de comunica\u00e7\u00e3o, sem qualquer \u00f4nus, respeitando termos contratuais e legais referentes aos direitos de imagem e do autor.<\/p>\n<p>E tamb\u00e9m respeitando eventuais limita\u00e7\u00f5es legais, a organiza\u00e7\u00e3o executora dever\u00e1 reservar espa\u00e7o para que a Smart Fit divulgue seu Programa de Investimentos Sociais nos eventos que venha a promover e, sempre que solicitada, dever\u00e1 apresentar seu projeto em eventos promovidos pela Smart Fit.<\/p>\n<p>DIVULGA\u00c7\u00c3O DOS RESULTADOS<\/p>\n<p>A divulga\u00e7\u00e3o dos resultados do processo seletivo ser\u00e1 feita pela Internet no endere\u00e7o www.editalsmartfit.com.br<\/p>\n<p>CRONOGRAMA DO EDITAL<\/p>\n<table width=\"643\">\n<tbody>\n<tr>\n<td><strong>Etapa<\/strong><\/td>\n<td><strong>Prazo<\/strong><\/td>\n<\/tr>\n<tr>\n<td>Inscri\u00e7\u00e3o<\/td>\n<td>03 de Outubro a 25 de Novembro de 2018<\/td>\n<\/tr>\n<tr>\n<td>Sele\u00e7\u00e3o de projetos<\/td>\n<td>26 de Novembro a 02 de Dezembro de 2018<\/td>\n<\/tr>\n<tr>\n<td>Resultados<\/td>\n<td>03 de Dezembro de 2018<\/td>\n<\/tr>\n<\/tbody>\n<\/table>\n<p>&nbsp;<\/p>\n<p>DISPOSI\u00c7\u00d5ES GERAIS<\/p>\n<p>A sele\u00e7\u00e3o do projeto na\u0303o implica automaticamente na sua contrata\u00e7\u00e3o, patroc\u00ednio ou concess\u00e3o do valor integral solicitado, ficando resguardado o direito da Smart Fit a qualquer momento, e unilateralmente, rever os termos deste regulamento, ou mesmo suspender de forma tempor\u00e1ria ou definitiva, total o parcialmente o Edital Smart Fit, face a qualquer fato ou decis\u00e3o gerencial que altere as bases or\u00e7ament\u00e1rias e\/ou diretrizes estrat\u00e9gicas da empresa.<\/p>\n<p>Na\u0303o ser\u00e3o aceitos projetos com pessoas jur\u00eddicas que possuam empregados da Smart Fit entre seus s\u00f3cios e\/ou dirigentes.<\/p>\n<p>Os projetos selecionados na\u0303o poder\u00e3o ser patrocinados por empresas que atuem no mesmo segmento econ\u00f4mico que a Smart Fit<\/p>\n<p>As quest\u00f5es n\u00e3o previstas por este documento ser\u00e3o decididas pela Smart Fit, atrav\u00e9s das ger\u00eancias respons\u00e1veis pela gest\u00e3o dos Investimentos Sociais.<\/p>\n<p><a href=\"http:\/\/editalsmartfit.com.br\/edital\/\" target=\"_blank\" rel=\"noopener\">Link para o site do edital<\/a><\/p>\n","protected":false},"excerpt":{"rendered":"<p>REGULAMENTO DOS PROJETOS Ser\u00e3o aceitos projetos apresentados por institui\u00e7\u00f5es p\u00fablicas ou por organiza\u00e7\u00f5es com ou sem fins lucrativos \u2013 desde que as a\u00e7\u00f5es propostas pelos projetos sejam compat\u00edveis com seus fins sociais e estatut\u00e1rios \u2013 e que tenham sido aprovados para captar recursos incentivados pelas leis: Lei Federal de Incentivo \u00e0 Cultura (Lei Rouanet); Lei &hellip;<\/p>\n<p class=\"read-more\"> <a class=\"\" href=\"https:\/\/arleideincentivoaoesporte.com.br\/clone2\/edital-smart-fit-2018\/\"> <span class=\"screen-reader-text\">Edital Smart Fit 2018<\/span> Leia mais &raquo;<\/a><\/p>\n","protected":false},"author":3,"featured_media":659,"comment_status":"open","ping_status":"open","sticky":false,"template":"","format":"standard","meta":{"site-sidebar-layout":"default","site-content-layout":"","ast-site-content-layout":"","site-content-style":"default","site-sidebar-style":"default","ast-global-header-display":"","ast-banner-title-visibility":"","ast-main-header-display":"","ast-hfb-above-header-display":"","ast-hfb-below-header-display":"","ast-hfb-mobile-header-display":"","site-post-title":"","ast-breadcrumbs-content":"","ast-featured-img":"","footer-sml-layout":"","theme-transparent-header-meta":"","adv-header-id-meta":"","stick-header-meta":"","header-above-stick-meta":"","header-main-stick-meta":"","header-below-stick-meta":"","astra-migrate-meta-layouts":"","footnotes":""},"categories":[1],"tags":[],"_links":{"self":[{"href":"https:\/\/arleideincentivoaoesporte.com.br\/clone2\/wp-json\/wp\/v2\/posts\/793"}],"collection":[{"href":"https:\/\/arleideincentivoaoesporte.com.br\/clone2\/wp-json\/wp\/v2\/posts"}],"about":[{"href":"https:\/\/arleideincentivoaoesporte.com.br\/clone2\/wp-json\/wp\/v2\/types\/post"}],"author":[{"embeddable":true,"href":"https:\/\/arleideincentivoaoesporte.com.br\/clone2\/wp-json\/wp\/v2\/users\/3"}],"replies":[{"embeddable":true,"href":"https:\/\/arleideincentivoaoesporte.com.br\/clone2\/wp-json\/wp\/v2\/comments?post=793"}],"version-history":[{"count":0,"href":"https:\/\/arleideincentivoaoesporte.com.br\/clone2\/wp-json\/wp\/v2\/posts\/793\/revisions"}],"wp:featuredmedia":[{"embeddable":true,"href":"https:\/\/arleideincentivoaoesporte.com.br\/clone2\/wp-json\/"}],"wp:attachment":[{"href":"https:\/\/arleideincentivoaoesporte.com.br\/clone2\/wp-json\/wp\/v2\/media?parent=793"}],"wp:term":[{"taxonomy":"category","embeddable":true,"href":"https:\/\/arleideincentivoaoesporte.com.br\/clone2\/wp-json\/wp\/v2\/categories?post=793"},{"taxonomy":"post_tag","embeddable":true,"href":"https:\/\/arleideincentivoaoesporte.com.br\/clone2\/wp-json\/wp\/v2\/tags?post=793"}],"curies":[{"name":"wp","href":"https:\/\/api.w.org\/{rel}","templated":true}]}}