{"id":802,"date":"2018-12-28T19:51:05","date_gmt":"2018-12-28T21:51:05","guid":{"rendered":"https:\/\/homol.arleideincentivoaoesporte.com.br\/2018\/12\/28\/guia-para-incentivadores\/"},"modified":"2018-12-28T19:51:05","modified_gmt":"2018-12-28T21:51:05","slug":"guia-para-incentivadores","status":"publish","type":"post","link":"https:\/\/arleideincentivoaoesporte.com.br\/clone2\/guia-para-incentivadores\/","title":{"rendered":"Guia para incentivadores"},"content":{"rendered":"<p>Apresentamos um guia elaborado pela Receita Federal para pessoas f\u00edsicas e jur\u00eddicas que pretendem aportar recursos\u00a0Fundo dos Direitos da Crian\u00e7a e do Adolescente, Fundo do idoso, Fundo Nacional de Cultura,\u00a0Fundos de Financiamento da Ind\u00fastria Cinematogr\u00e1fica Nacional (Funcines), Fundo ao Desporto, Programa de Alimenta\u00e7\u00e3o do Trabalhador (PAT), Programa Nacional de Apoio \u00e0 Aten\u00e7\u00e3o da Sa\u00fade de Pessoa com Defici\u00eancia (Pronas-PCD) e Programa Nacional de Apoio \u00e0 Aten\u00e7\u00e3o Oncol\u00f3gica (Pronon).<\/p>\n<p><a href=\"http:\/\/arleideincentivoaoesporte.local\/wp-content\/uploads\/2018\/12\/Guia-para-incentivadores.pdf\" target=\"_blank\" rel=\"noopener\">Guia para incentivadores<\/a><\/p>\n","protected":false},"excerpt":{"rendered":"<p>Apresentamos um guia elaborado pela Receita Federal para pessoas f\u00edsicas e jur\u00eddicas que pretendem aportar recursos\u00a0Fundo dos Direitos da Crian\u00e7a e do Adolescente, Fundo do idoso, Fundo Nacional de Cultura,\u00a0Fundos de Financiamento da Ind\u00fastria Cinematogr\u00e1fica Nacional (Funcines), Fundo ao Desporto, Programa de Alimenta\u00e7\u00e3o do Trabalhador (PAT), Programa Nacional de Apoio \u00e0 Aten\u00e7\u00e3o da Sa\u00fade de &hellip;<\/p>\n<p class=\"read-more\"> <a class=\"\" href=\"https:\/\/arleideincentivoaoesporte.com.br\/clone2\/guia-para-incentivadores\/\"> <span class=\"screen-reader-text\">Guia para incentivadores<\/span> Leia mais &raquo;<\/a><\/p>\n","protected":false},"author":3,"featured_media":810,"comment_status":"open","ping_status":"open","sticky":false,"template":"","format":"standard","meta":{"site-sidebar-layout":"default","site-content-layout":"","ast-site-content-layout":"","site-content-style":"default","site-sidebar-style":"default","ast-global-header-display":"","ast-banner-title-visibility":"","ast-main-header-display":"","ast-hfb-above-header-display":"","ast-hfb-below-header-display":"","ast-hfb-mobile-header-display":"","site-post-title":"","ast-breadcrumbs-content":"","ast-featured-img":"","footer-sml-layout":"","theme-transparent-header-meta":"","adv-header-id-meta":"","stick-header-meta":"","header-above-stick-meta":"","header-main-stick-meta":"","header-below-stick-meta":"","astra-migrate-meta-layouts":"","footnotes":""},"categories":[1],"tags":[],"_links":{"self":[{"href":"https:\/\/arleideincentivoaoesporte.com.br\/clone2\/wp-json\/wp\/v2\/posts\/802"}],"collection":[{"href":"https:\/\/arleideincentivoaoesporte.com.br\/clone2\/wp-json\/wp\/v2\/posts"}],"about":[{"href":"https:\/\/arleideincentivoaoesporte.com.br\/clone2\/wp-json\/wp\/v2\/types\/post"}],"author":[{"embeddable":true,"href":"https:\/\/arleideincentivoaoesporte.com.br\/clone2\/wp-json\/wp\/v2\/users\/3"}],"replies":[{"embeddable":true,"href":"https:\/\/arleideincentivoaoesporte.com.br\/clone2\/wp-json\/wp\/v2\/comments?post=802"}],"version-history":[{"count":0,"href":"https:\/\/arleideincentivoaoesporte.com.br\/clone2\/wp-json\/wp\/v2\/posts\/802\/revisions"}],"wp:featuredmedia":[{"embeddable":true,"href":"https:\/\/arleideincentivoaoesporte.com.br\/clone2\/wp-json\/"}],"wp:attachment":[{"href":"https:\/\/arleideincentivoaoesporte.com.br\/clone2\/wp-json\/wp\/v2\/media?parent=802"}],"wp:term":[{"taxonomy":"category","embeddable":true,"href":"https:\/\/arleideincentivoaoesporte.com.br\/clone2\/wp-json\/wp\/v2\/categories?post=802"},{"taxonomy":"post_tag","embeddable":true,"href":"https:\/\/arleideincentivoaoesporte.com.br\/clone2\/wp-json\/wp\/v2\/tags?post=802"}],"curies":[{"name":"wp","href":"https:\/\/api.w.org\/{rel}","templated":true}]}}